{"id":121430,"date":"2023-08-17T22:30:28","date_gmt":"2023-08-18T01:30:28","guid":{"rendered":"https:\/\/eldiariodesanpedro.com.ar\/sitio\/?p=121430"},"modified":"2023-08-17T22:30:31","modified_gmt":"2023-08-18T01:30:31","slug":"amenaza-de-bomba-en-colegio-nuestra-senora-del-socorro-desalojo-y-operativo-de-seguridad","status":"publish","type":"post","link":"https:\/\/eldiariodesanpedro.com.ar\/sitio\/amenaza-de-bomba-en-colegio-nuestra-senora-del-socorro-desalojo-y-operativo-de-seguridad\/","title":{"rendered":"Amenaza de Bomba en Colegio Nuestra Se\u00f1ora del Socorro: Desalojo y Operativo de Seguridad"},"content":{"rendered":"<!-- VideographyWP Plugin Message: Automatic video embedding prevented by plugin options. -->\n\n<p>Este jueves, en horas de la tarde, se produjo una segunda amenaza de bomba en la ciudad, esta vez en el Colegio Nuestra Se\u00f1ora del Socorro. Siguiendo los procedimientos establecidos, los estudiantes de primaria y jard\u00edn de infantes fueron evacuados. La congregaci\u00f3n tuvo lugar en la Plaza Constituci\u00f3n, donde luego se resguardaron en la parroquia Nuestra Se\u00f1ora del Socorro para evitar la lluvia.<\/p>\n\n\n\n<p>La polic\u00eda llev\u00f3 a cabo cortes en el tr\u00e1fico vehicular y peatonal en las calles Carlos Pellegrini y M\u00e1ximo Mill\u00e1n. Los bomberos fueron llamados, tras haber respondido a una amenaza previa en el Banco Provincia. Las autoridades confirmaron que esa amenaza era falsa, y se espera un resultado similar en esta ocasi\u00f3n.<\/p>\n\n\n\n<p>El Comisario Germ\u00e1n Pahuasi, Jefe de la Estaci\u00f3n de Polic\u00eda Comunal de San Pedro, advirti\u00f3 que estas situaciones son actos de intimidaci\u00f3n p\u00fablica. Los responsables ser\u00e1n procesados una vez identificados mediante datos telef\u00f3nicos cruzados.<\/p>\n","protected":false},"excerpt":{"rendered":"<p>Este jueves, en horas de la tarde, se produjo una segunda amenaza de bomba en la ciudad, esta vez en el Colegio Nuestra Se\u00f1ora del Socorro. Siguiendo los procedimientos establecidos, los estudiantes de primaria y jard\u00edn de infantes fueron evacuados. La congregaci\u00f3n tuvo lugar en la Plaza Constituci\u00f3n, donde luego se resguardaron en la parroquia [&hellip;]<\/p>\n","protected":false},"author":4,"featured_media":121431,"comment_status":"closed","ping_status":"closed","sticky":false,"template":"","format":"standard","meta":{"om_disable_all_campaigns":false,"_jetpack_memberships_contains_paid_content":false,"footnotes":""},"categories":[50,2,103],"tags":[197,33,95,19],"class_list":["post-121430","post","type-post","status-publish","format-standard","has-post-thumbnail","hentry","category-destacadas","category-locales","category-policiales-locales","tag-buenos-aires","tag-locales","tag-policiales","tag-san-pedro"],"aioseo_notices":[],"gutentor_comment":0,"jetpack_featured_media_url":"https:\/\/eldiariodesanpedro.com.ar\/sitio\/wp-content\/uploads\/2023\/08\/20230817_152744.jpg","jetpack_shortlink":"https:\/\/wp.me\/p6RhLt-vAy","jetpack_sharing_enabled":true,"_links":{"self":[{"href":"https:\/\/eldiariodesanpedro.com.ar\/sitio\/wp-json\/wp\/v2\/posts\/121430","targetHints":{"allow":["GET"]}}],"collection":[{"href":"https:\/\/eldiariodesanpedro.com.ar\/sitio\/wp-json\/wp\/v2\/posts"}],"about":[{"href":"https:\/\/eldiariodesanpedro.com.ar\/sitio\/wp-json\/wp\/v2\/types\/post"}],"author":[{"embeddable":true,"href":"https:\/\/eldiariodesanpedro.com.ar\/sitio\/wp-json\/wp\/v2\/users\/4"}],"replies":[{"embeddable":true,"href":"https:\/\/eldiariodesanpedro.com.ar\/sitio\/wp-json\/wp\/v2\/comments?post=121430"}],"version-history":[{"count":1,"href":"https:\/\/eldiariodesanpedro.com.ar\/sitio\/wp-json\/wp\/v2\/posts\/121430\/revisions"}],"predecessor-version":[{"id":121432,"href":"https:\/\/eldiariodesanpedro.com.ar\/sitio\/wp-json\/wp\/v2\/posts\/121430\/revisions\/121432"}],"wp:featuredmedia":[{"embeddable":true,"href":"https:\/\/eldiariodesanpedro.com.ar\/sitio\/wp-json\/wp\/v2\/media\/121431"}],"wp:attachment":[{"href":"https:\/\/eldiariodesanpedro.com.ar\/sitio\/wp-json\/wp\/v2\/media?parent=121430"}],"wp:term":[{"taxonomy":"category","embeddable":true,"href":"https:\/\/eldiariodesanpedro.com.ar\/sitio\/wp-json\/wp\/v2\/categories?post=121430"},{"taxonomy":"post_tag","embeddable":true,"href":"https:\/\/eldiariodesanpedro.com.ar\/sitio\/wp-json\/wp\/v2\/tags?post=121430"}],"curies":[{"name":"wp","href":"https:\/\/api.w.org\/{rel}","templated":true}]}}