{"id":12143,"date":"2016-12-30T10:17:16","date_gmt":"2016-12-30T13:17:16","guid":{"rendered":"https:\/\/eldiariodesanpedro.com.ar\/sitio\/?p=12143"},"modified":"2016-12-30T10:17:16","modified_gmt":"2016-12-30T13:17:16","slug":"un-joven-de-16-anos-con-frondoso-antecedentes-fue-detenido","status":"publish","type":"post","link":"https:\/\/eldiariodesanpedro.com.ar\/sitio\/un-joven-de-16-anos-con-frondoso-antecedentes-fue-detenido\/","title":{"rendered":"Un joven de 16 a\u00f1os con frondoso antecedentes fue detenido"},"content":{"rendered":"<p><!-- VideographyWP Plugin Message: Automatic video embedding prevented by plugin options. --><br \/>\nEn la ma\u00f1ana de hoy alrededor de las 05:30 se detuvo a dos j\u00f3venes quienes habr\u00edan ingresado en el club pescadores robando pertenec\u00edas del mismo, el hecho fue alertado por el personal de seguridad del club quien r\u00e1pidamente se comunico con el servicio de emergencia 101 quienes logro detener a uno de los delincuentes.<\/p>\n<p>Al momento de constatar la identidad del ladr\u00f3n, se pudo destacar que tendr\u00eda 16 a\u00f1os y seria un delincuente con un frondoso antecedente. <\/p>\n<p>Tomo intervenci\u00f3n en el caso la UFI del joven de San Nicol\u00e1s, se informo a sus padres y posteriormente entregado a los mismos.<\/p>\n","protected":false},"excerpt":{"rendered":"<p>En la ma\u00f1ana de hoy alrededor de las 05:30 se detuvo a dos j\u00f3venes quienes habr\u00edan ingresado en el club pescadores robando pertenec\u00edas del mismo, el hecho fue alertado por el personal de seguridad del club quien r\u00e1pidamente se comunico con el servicio de emergencia 101 quienes logro detener a uno de los delincuentes. Al [&hellip;]<\/p>\n","protected":false},"author":4,"featured_media":4713,"comment_status":"open","ping_status":"closed","sticky":false,"template":"","format":"standard","meta":{"om_disable_all_campaigns":false,"_jetpack_memberships_contains_paid_content":false,"footnotes":""},"categories":[2,103],"tags":[],"class_list":["post-12143","post","type-post","status-publish","format-standard","has-post-thumbnail","hentry","category-locales","category-policiales-locales"],"aioseo_notices":[],"gutentor_comment":0,"jetpack_featured_media_url":"https:\/\/eldiariodesanpedro.com.ar\/sitio\/wp-content\/uploads\/2016\/05\/detenido.jpg","jetpack_shortlink":"https:\/\/wp.me\/p6RhLt-39R","jetpack_sharing_enabled":true,"_links":{"self":[{"href":"https:\/\/eldiariodesanpedro.com.ar\/sitio\/wp-json\/wp\/v2\/posts\/12143","targetHints":{"allow":["GET"]}}],"collection":[{"href":"https:\/\/eldiariodesanpedro.com.ar\/sitio\/wp-json\/wp\/v2\/posts"}],"about":[{"href":"https:\/\/eldiariodesanpedro.com.ar\/sitio\/wp-json\/wp\/v2\/types\/post"}],"author":[{"embeddable":true,"href":"https:\/\/eldiariodesanpedro.com.ar\/sitio\/wp-json\/wp\/v2\/users\/4"}],"replies":[{"embeddable":true,"href":"https:\/\/eldiariodesanpedro.com.ar\/sitio\/wp-json\/wp\/v2\/comments?post=12143"}],"version-history":[{"count":1,"href":"https:\/\/eldiariodesanpedro.com.ar\/sitio\/wp-json\/wp\/v2\/posts\/12143\/revisions"}],"predecessor-version":[{"id":12144,"href":"https:\/\/eldiariodesanpedro.com.ar\/sitio\/wp-json\/wp\/v2\/posts\/12143\/revisions\/12144"}],"wp:featuredmedia":[{"embeddable":true,"href":"https:\/\/eldiariodesanpedro.com.ar\/sitio\/wp-json\/wp\/v2\/media\/4713"}],"wp:attachment":[{"href":"https:\/\/eldiariodesanpedro.com.ar\/sitio\/wp-json\/wp\/v2\/media?parent=12143"}],"wp:term":[{"taxonomy":"category","embeddable":true,"href":"https:\/\/eldiariodesanpedro.com.ar\/sitio\/wp-json\/wp\/v2\/categories?post=12143"},{"taxonomy":"post_tag","embeddable":true,"href":"https:\/\/eldiariodesanpedro.com.ar\/sitio\/wp-json\/wp\/v2\/tags?post=12143"}],"curies":[{"name":"wp","href":"https:\/\/api.w.org\/{rel}","templated":true}]}}