{"id":12141,"date":"2016-12-30T10:04:11","date_gmt":"2016-12-30T13:04:11","guid":{"rendered":"https:\/\/eldiariodesanpedro.com.ar\/sitio\/?p=12141"},"modified":"2016-12-30T10:04:11","modified_gmt":"2016-12-30T13:04:11","slug":"un-joven-fue-apunalado-por-su-novia","status":"publish","type":"post","link":"https:\/\/eldiariodesanpedro.com.ar\/sitio\/un-joven-fue-apunalado-por-su-novia\/","title":{"rendered":"Un joven fue apu\u00f1alado por su novia"},"content":{"rendered":"<p><!-- VideographyWP Plugin Message: Automatic video embedding prevented by plugin options. --><br \/>\nEn el d\u00eda de la fecha alrededor de las 04:00 hs, personal de la polic\u00eda de nuestra ciudad se dirigi\u00f3 a calle Juan V. Justo al 500, a ra\u00edz de un llamado telef\u00f3nico alertando la presencia de un joven sentado al cord\u00f3n de la vereda con una herida en la espalda.<\/p>\n<p>El joven de 16 a\u00f1os de edad hab\u00eda sido atacado por su novia con una arma blanca en el momento de una discusi\u00f3n, la joven se retiro del lugar luego de atacarlo.<\/p>\n<p>El herido fue trasladado al nosocomio local en donde hicieron curaciones y se dejo internado en observaci\u00f3n, el medido policial determino que la herida ser de car\u00e1cter leve.<\/p>\n","protected":false},"excerpt":{"rendered":"<p>En el d\u00eda de la fecha alrededor de las 04:00 hs, personal de la polic\u00eda de nuestra ciudad se dirigi\u00f3 a calle Juan V. Justo al 500, a ra\u00edz de un llamado telef\u00f3nico alertando la presencia de un joven sentado al cord\u00f3n de la vereda con una herida en la espalda. El joven de 16 [&hellip;]<\/p>\n","protected":false},"author":4,"featured_media":2624,"comment_status":"open","ping_status":"closed","sticky":false,"template":"","format":"standard","meta":{"om_disable_all_campaigns":false,"_jetpack_memberships_contains_paid_content":false,"footnotes":""},"categories":[2,103],"tags":[],"class_list":["post-12141","post","type-post","status-publish","format-standard","has-post-thumbnail","hentry","category-locales","category-policiales-locales"],"aioseo_notices":[],"gutentor_comment":0,"jetpack_featured_media_url":"https:\/\/eldiariodesanpedro.com.ar\/sitio\/wp-content\/uploads\/2016\/04\/guardia.jpg","jetpack_shortlink":"https:\/\/wp.me\/p6RhLt-39P","jetpack_sharing_enabled":true,"_links":{"self":[{"href":"https:\/\/eldiariodesanpedro.com.ar\/sitio\/wp-json\/wp\/v2\/posts\/12141","targetHints":{"allow":["GET"]}}],"collection":[{"href":"https:\/\/eldiariodesanpedro.com.ar\/sitio\/wp-json\/wp\/v2\/posts"}],"about":[{"href":"https:\/\/eldiariodesanpedro.com.ar\/sitio\/wp-json\/wp\/v2\/types\/post"}],"author":[{"embeddable":true,"href":"https:\/\/eldiariodesanpedro.com.ar\/sitio\/wp-json\/wp\/v2\/users\/4"}],"replies":[{"embeddable":true,"href":"https:\/\/eldiariodesanpedro.com.ar\/sitio\/wp-json\/wp\/v2\/comments?post=12141"}],"version-history":[{"count":1,"href":"https:\/\/eldiariodesanpedro.com.ar\/sitio\/wp-json\/wp\/v2\/posts\/12141\/revisions"}],"predecessor-version":[{"id":12142,"href":"https:\/\/eldiariodesanpedro.com.ar\/sitio\/wp-json\/wp\/v2\/posts\/12141\/revisions\/12142"}],"wp:featuredmedia":[{"embeddable":true,"href":"https:\/\/eldiariodesanpedro.com.ar\/sitio\/wp-json\/wp\/v2\/media\/2624"}],"wp:attachment":[{"href":"https:\/\/eldiariodesanpedro.com.ar\/sitio\/wp-json\/wp\/v2\/media?parent=12141"}],"wp:term":[{"taxonomy":"category","embeddable":true,"href":"https:\/\/eldiariodesanpedro.com.ar\/sitio\/wp-json\/wp\/v2\/categories?post=12141"},{"taxonomy":"post_tag","embeddable":true,"href":"https:\/\/eldiariodesanpedro.com.ar\/sitio\/wp-json\/wp\/v2\/tags?post=12141"}],"curies":[{"name":"wp","href":"https:\/\/api.w.org\/{rel}","templated":true}]}}