{"id":12139,"date":"2016-12-30T09:56:49","date_gmt":"2016-12-30T12:56:49","guid":{"rendered":"https:\/\/eldiariodesanpedro.com.ar\/sitio\/?p=12139"},"modified":"2016-12-30T09:56:49","modified_gmt":"2016-12-30T12:56:49","slug":"un-hombre-y-su-padre-heridos-por-un-arma-blanca","status":"publish","type":"post","link":"https:\/\/eldiariodesanpedro.com.ar\/sitio\/un-hombre-y-su-padre-heridos-por-un-arma-blanca\/","title":{"rendered":"Un hombre y su padre heridos por un arma blanca"},"content":{"rendered":"<p><!-- VideographyWP Plugin Message: Automatic video embedding prevented by plugin options. --><br \/>\nEn la madrugada de hoy alrededor de las 03:40 hs, personal polic\u00eda se hace presente en Av. 11 de septiembre y Tucum\u00e1n a ra\u00edz de un llamado telef\u00f3nico a la linea de emergencia 101.<\/p>\n<p>En el lugar se pudo constatar un ciudadano herido en el abdomen tirado en el suelo, la persona que se encontraba lucida comento que que tuvo una discusi\u00f3n y posteriormente una pelea con su hermano quien viven juntos en el mismo domicilio.<\/p>\n<p>En el lugar donde se encontraba esta persona tambi\u00e9n se encontraba un hombre quien declara ser su padre el que tambi\u00e9n presentaba una herida cortante en la cabeza y declara que tambi\u00e9n fue el mismo agresor su hijo quien lo habr\u00eda golpeado con una botella.<\/p>\n<p>Ambos masculinos padre e hijo fueron trasladados al hospital debiendo ser intervenido quirurgicamente por ser herida de arma blanca.<\/p>\n","protected":false},"excerpt":{"rendered":"<p>En la madrugada de hoy alrededor de las 03:40 hs, personal polic\u00eda se hace presente en Av. 11 de septiembre y Tucum\u00e1n a ra\u00edz de un llamado telef\u00f3nico a la linea de emergencia 101. En el lugar se pudo constatar un ciudadano herido en el abdomen tirado en el suelo, la persona que se encontraba [&hellip;]<\/p>\n","protected":false},"author":4,"featured_media":5588,"comment_status":"open","ping_status":"closed","sticky":false,"template":"","format":"standard","meta":{"om_disable_all_campaigns":false,"_jetpack_memberships_contains_paid_content":false,"footnotes":""},"categories":[2,103],"tags":[],"class_list":["post-12139","post","type-post","status-publish","format-standard","has-post-thumbnail","hentry","category-locales","category-policiales-locales"],"aioseo_notices":[],"gutentor_comment":0,"jetpack_featured_media_url":"https:\/\/eldiariodesanpedro.com.ar\/sitio\/wp-content\/uploads\/2016\/06\/patrulla-policia-1.jpg","jetpack_shortlink":"https:\/\/wp.me\/p6RhLt-39N","jetpack_sharing_enabled":true,"_links":{"self":[{"href":"https:\/\/eldiariodesanpedro.com.ar\/sitio\/wp-json\/wp\/v2\/posts\/12139","targetHints":{"allow":["GET"]}}],"collection":[{"href":"https:\/\/eldiariodesanpedro.com.ar\/sitio\/wp-json\/wp\/v2\/posts"}],"about":[{"href":"https:\/\/eldiariodesanpedro.com.ar\/sitio\/wp-json\/wp\/v2\/types\/post"}],"author":[{"embeddable":true,"href":"https:\/\/eldiariodesanpedro.com.ar\/sitio\/wp-json\/wp\/v2\/users\/4"}],"replies":[{"embeddable":true,"href":"https:\/\/eldiariodesanpedro.com.ar\/sitio\/wp-json\/wp\/v2\/comments?post=12139"}],"version-history":[{"count":1,"href":"https:\/\/eldiariodesanpedro.com.ar\/sitio\/wp-json\/wp\/v2\/posts\/12139\/revisions"}],"predecessor-version":[{"id":12140,"href":"https:\/\/eldiariodesanpedro.com.ar\/sitio\/wp-json\/wp\/v2\/posts\/12139\/revisions\/12140"}],"wp:featuredmedia":[{"embeddable":true,"href":"https:\/\/eldiariodesanpedro.com.ar\/sitio\/wp-json\/wp\/v2\/media\/5588"}],"wp:attachment":[{"href":"https:\/\/eldiariodesanpedro.com.ar\/sitio\/wp-json\/wp\/v2\/media?parent=12139"}],"wp:term":[{"taxonomy":"category","embeddable":true,"href":"https:\/\/eldiariodesanpedro.com.ar\/sitio\/wp-json\/wp\/v2\/categories?post=12139"},{"taxonomy":"post_tag","embeddable":true,"href":"https:\/\/eldiariodesanpedro.com.ar\/sitio\/wp-json\/wp\/v2\/tags?post=12139"}],"curies":[{"name":"wp","href":"https:\/\/api.w.org\/{rel}","templated":true}]}}