{"id":121375,"date":"2023-08-16T13:09:51","date_gmt":"2023-08-16T16:09:51","guid":{"rendered":"https:\/\/eldiariodesanpedro.com.ar\/sitio\/?p=121375"},"modified":"2023-08-16T13:09:53","modified_gmt":"2023-08-16T16:09:53","slug":"edicto-de-sucesion-de-garcia-antonio-reynaldo","status":"publish","type":"post","link":"https:\/\/eldiariodesanpedro.com.ar\/sitio\/edicto-de-sucesion-de-garcia-antonio-reynaldo\/","title":{"rendered":"Edicto de Sucesi\u00f3n de Garcia Antonio Reynaldo"},"content":{"rendered":"<!-- VideographyWP Plugin Message: Automatic video embedding prevented by plugin options. -->\n\n<p>El Juzgado de Paz Letrado de la Ciudad de San Pedro, Secretaria \u00danica de la Ciudad de San Pedro (B), Departamento Judicial de San Nicol\u00e1s (B); cita y emplaza por treinta d\u00edas a herederos y acreedores del Sr. <strong>Garcia, Antonio Reynaldo<\/strong> con D.N.I.M. N\u00b0 4.682.236. San Pedro a los 11 d\u00edas del mes de Agosto del 2.023.<\/p>\n\n\n\n<p>FACUNDO VELL\u00d3N&nbsp;<\/p>\n\n\n\n<p>ABOGADO SECRETARIO&nbsp;<br>(Publicaci\u00f3n V\u00e1lida por el d\u00eda 16, 17 y 18 de Agosto de 2023)<br><a href=\"https:\/\/notificaciones.scba.gov.ar\/verificarnotificacion.aspx?codNotif=H1F2P9\">https:\/\/notificaciones.scba.gov.ar\/verificarnotificacion.aspx?codNotif=H1F2P9<\/a><\/p>\n","protected":false},"excerpt":{"rendered":"<p>El Juzgado de Paz Letrado de la Ciudad de San Pedro, Secretaria \u00danica de la Ciudad de San Pedro (B), Departamento Judicial de San Nicol\u00e1s (B); cita y emplaza por treinta d\u00edas a herederos y acreedores del Sr. Garcia, Antonio Reynaldo con D.N.I.M. N\u00b0 4.682.236. San Pedro a los 11 d\u00edas del mes de Agosto [&hellip;]<\/p>\n","protected":false},"author":4,"featured_media":102746,"comment_status":"closed","ping_status":"closed","sticky":false,"template":"","format":"standard","meta":{"om_disable_all_campaigns":false,"_jetpack_memberships_contains_paid_content":false,"footnotes":""},"categories":[676,677],"tags":[197,4417,19],"class_list":["post-121375","post","type-post","status-publish","format-standard","has-post-thumbnail","hentry","category-edictos","category-edictos-sucesorios","tag-buenos-aires","tag-edicto-de-sucesion-de-garcia-antonio-reynaldo","tag-san-pedro"],"aioseo_notices":[],"gutentor_comment":0,"jetpack_featured_media_url":"https:\/\/eldiariodesanpedro.com.ar\/sitio\/wp-content\/uploads\/2022\/01\/EDICTO.jpg","jetpack_shortlink":"https:\/\/wp.me\/p6RhLt-vzF","jetpack_sharing_enabled":true,"_links":{"self":[{"href":"https:\/\/eldiariodesanpedro.com.ar\/sitio\/wp-json\/wp\/v2\/posts\/121375","targetHints":{"allow":["GET"]}}],"collection":[{"href":"https:\/\/eldiariodesanpedro.com.ar\/sitio\/wp-json\/wp\/v2\/posts"}],"about":[{"href":"https:\/\/eldiariodesanpedro.com.ar\/sitio\/wp-json\/wp\/v2\/types\/post"}],"author":[{"embeddable":true,"href":"https:\/\/eldiariodesanpedro.com.ar\/sitio\/wp-json\/wp\/v2\/users\/4"}],"replies":[{"embeddable":true,"href":"https:\/\/eldiariodesanpedro.com.ar\/sitio\/wp-json\/wp\/v2\/comments?post=121375"}],"version-history":[{"count":1,"href":"https:\/\/eldiariodesanpedro.com.ar\/sitio\/wp-json\/wp\/v2\/posts\/121375\/revisions"}],"predecessor-version":[{"id":121376,"href":"https:\/\/eldiariodesanpedro.com.ar\/sitio\/wp-json\/wp\/v2\/posts\/121375\/revisions\/121376"}],"wp:featuredmedia":[{"embeddable":true,"href":"https:\/\/eldiariodesanpedro.com.ar\/sitio\/wp-json\/wp\/v2\/media\/102746"}],"wp:attachment":[{"href":"https:\/\/eldiariodesanpedro.com.ar\/sitio\/wp-json\/wp\/v2\/media?parent=121375"}],"wp:term":[{"taxonomy":"category","embeddable":true,"href":"https:\/\/eldiariodesanpedro.com.ar\/sitio\/wp-json\/wp\/v2\/categories?post=121375"},{"taxonomy":"post_tag","embeddable":true,"href":"https:\/\/eldiariodesanpedro.com.ar\/sitio\/wp-json\/wp\/v2\/tags?post=121375"}],"curies":[{"name":"wp","href":"https:\/\/api.w.org\/{rel}","templated":true}]}}