{"id":121369,"date":"2023-08-16T12:48:21","date_gmt":"2023-08-16T15:48:21","guid":{"rendered":"https:\/\/eldiariodesanpedro.com.ar\/sitio\/?p=121369"},"modified":"2023-08-16T12:48:22","modified_gmt":"2023-08-16T15:48:22","slug":"edicto-de-sucesion-de-onella-aidid-domici","status":"publish","type":"post","link":"https:\/\/eldiariodesanpedro.com.ar\/sitio\/edicto-de-sucesion-de-onella-aidid-domici\/","title":{"rendered":"Edicto de Sucesi\u00f3n de Onella Aidid Domici"},"content":{"rendered":"<!-- VideographyWP Plugin Message: Automatic video embedding prevented by plugin options. -->\n\n<p>El Juzgado de Paz de San Pedro del Departamento Judicial de San Nicol\u00e1s, cita y emplaza por el t\u00e9rmino de 30 d\u00edas a herederos, acreedores y todos los que se consideran con derecho a los bienes dejados por Do\u00f1a <strong>Onella Aidid Domici<\/strong>.- San Pedro, 15 De agosto de 2023.-<\/p>\n\n\n\n<p>FACUNDO VELL\u00d3N\u00a0<br>ABOGADO SECRETARIO\u00a0<\/p>\n\n\n\n<p>(Publicaci\u00f3n V\u00e1lida por el d\u00eda 16, 17 y 18 de Agosto de 2023)<br><a href=\"https:\/\/notificaciones.scba.gov.ar\/verificarnotificacion.aspx?codNotif=YA4TZ0\">https:\/\/notificaciones.scba.gov.ar\/verificarnotificacion.aspx?codNotif=YA4TZ0<\/a><\/p>\n","protected":false},"excerpt":{"rendered":"<p>El Juzgado de Paz de San Pedro del Departamento Judicial de San Nicol\u00e1s, cita y emplaza por el t\u00e9rmino de 30 d\u00edas a herederos, acreedores y todos los que se consideran con derecho a los bienes dejados por Do\u00f1a Onella Aidid Domici.- San Pedro, 15 De agosto de 2023.- FACUNDO VELL\u00d3N\u00a0ABOGADO SECRETARIO\u00a0 (Publicaci\u00f3n V\u00e1lida por [&hellip;]<\/p>\n","protected":false},"author":4,"featured_media":102746,"comment_status":"closed","ping_status":"closed","sticky":false,"template":"","format":"standard","meta":{"om_disable_all_campaigns":false,"_jetpack_memberships_contains_paid_content":false,"footnotes":""},"categories":[676,677],"tags":[197,4415,33,19],"class_list":["post-121369","post","type-post","status-publish","format-standard","has-post-thumbnail","hentry","category-edictos","category-edictos-sucesorios","tag-buenos-aires","tag-edicto-de-sucesion-de-onella-aidid-domici","tag-locales","tag-san-pedro"],"aioseo_notices":[],"gutentor_comment":0,"jetpack_featured_media_url":"https:\/\/eldiariodesanpedro.com.ar\/sitio\/wp-content\/uploads\/2022\/01\/EDICTO.jpg","jetpack_shortlink":"https:\/\/wp.me\/p6RhLt-vzz","jetpack_sharing_enabled":true,"_links":{"self":[{"href":"https:\/\/eldiariodesanpedro.com.ar\/sitio\/wp-json\/wp\/v2\/posts\/121369","targetHints":{"allow":["GET"]}}],"collection":[{"href":"https:\/\/eldiariodesanpedro.com.ar\/sitio\/wp-json\/wp\/v2\/posts"}],"about":[{"href":"https:\/\/eldiariodesanpedro.com.ar\/sitio\/wp-json\/wp\/v2\/types\/post"}],"author":[{"embeddable":true,"href":"https:\/\/eldiariodesanpedro.com.ar\/sitio\/wp-json\/wp\/v2\/users\/4"}],"replies":[{"embeddable":true,"href":"https:\/\/eldiariodesanpedro.com.ar\/sitio\/wp-json\/wp\/v2\/comments?post=121369"}],"version-history":[{"count":1,"href":"https:\/\/eldiariodesanpedro.com.ar\/sitio\/wp-json\/wp\/v2\/posts\/121369\/revisions"}],"predecessor-version":[{"id":121370,"href":"https:\/\/eldiariodesanpedro.com.ar\/sitio\/wp-json\/wp\/v2\/posts\/121369\/revisions\/121370"}],"wp:featuredmedia":[{"embeddable":true,"href":"https:\/\/eldiariodesanpedro.com.ar\/sitio\/wp-json\/wp\/v2\/media\/102746"}],"wp:attachment":[{"href":"https:\/\/eldiariodesanpedro.com.ar\/sitio\/wp-json\/wp\/v2\/media?parent=121369"}],"wp:term":[{"taxonomy":"category","embeddable":true,"href":"https:\/\/eldiariodesanpedro.com.ar\/sitio\/wp-json\/wp\/v2\/categories?post=121369"},{"taxonomy":"post_tag","embeddable":true,"href":"https:\/\/eldiariodesanpedro.com.ar\/sitio\/wp-json\/wp\/v2\/tags?post=121369"}],"curies":[{"name":"wp","href":"https:\/\/api.w.org\/{rel}","templated":true}]}}