{"id":121363,"date":"2023-08-16T10:54:15","date_gmt":"2023-08-16T13:54:15","guid":{"rendered":"https:\/\/eldiariodesanpedro.com.ar\/sitio\/?p=121363"},"modified":"2023-08-16T10:54:17","modified_gmt":"2023-08-16T13:54:17","slug":"edicto-de-sucesion-de-contreras-jose-ricardo","status":"publish","type":"post","link":"https:\/\/eldiariodesanpedro.com.ar\/sitio\/edicto-de-sucesion-de-contreras-jose-ricardo\/","title":{"rendered":"Edicto de Sucesi\u00f3n de Contreras Jos\u00e9 Ricardo"},"content":{"rendered":"<!-- VideographyWP Plugin Message: Automatic video embedding prevented by plugin options. -->\n\n<p>El Juzgado Civil y Comercial N\u00b02 del Departamento Judicial de San Nicol\u00e1s, sito en calle Guardias Nacionales N\u00b0 47 de San Nicol\u00e1s de los Arroyos, Pcia. de Buenos Aires cita y emplaza a todos los que se consideren con derecho a los bienes dejados por el causante <strong>Contreras Jose Ricardo<\/strong> para que en el plazo de 30 d\u00edas contados a partir de la \u00faltima publicaci\u00f3n de Edictos \u2013 lo acrediten (arts.734 del CPCC), a fin de hacerlos valer en el proceso sucesorio caratulado: \u201cContreras Jose Ricardo S\/ Sucesi\u00f3n Ab-Intestato\u201d Expte. SN-7376-2022.-<\/p>\n\n\n\n<p>COLOMBO MARCELO<br>ABOGADO SECRETARIO\u00a0<\/p>\n\n\n\n<p>(Publicaci\u00f3n V\u00e1lida por el d\u00eda 16, 17 y 18 de Agosto de 2023)<br><a href=\"https:\/\/notificaciones.scba.gov.ar\/verificarnotificacion.aspx?codNotif=7UT74K\">https:\/\/notificaciones.scba.gov.ar\/verificarnotificacion.aspx?codNotif=7UT74K<\/a><\/p>\n","protected":false},"excerpt":{"rendered":"<p>El Juzgado Civil y Comercial N\u00b02 del Departamento Judicial de San Nicol\u00e1s, sito en calle Guardias Nacionales N\u00b0 47 de San Nicol\u00e1s de los Arroyos, Pcia. de Buenos Aires cita y emplaza a todos los que se consideren con derecho a los bienes dejados por el causante Contreras Jose Ricardo para que en el plazo [&hellip;]<\/p>\n","protected":false},"author":4,"featured_media":102746,"comment_status":"closed","ping_status":"closed","sticky":false,"template":"","format":"standard","meta":{"om_disable_all_campaigns":false,"_jetpack_memberships_contains_paid_content":false,"footnotes":""},"categories":[676,677],"tags":[4412],"class_list":["post-121363","post","type-post","status-publish","format-standard","has-post-thumbnail","hentry","category-edictos","category-edictos-sucesorios","tag-edicto-de-sucesion-de-contreras-jose-ricardo"],"aioseo_notices":[],"gutentor_comment":0,"jetpack_featured_media_url":"https:\/\/eldiariodesanpedro.com.ar\/sitio\/wp-content\/uploads\/2022\/01\/EDICTO.jpg","jetpack_shortlink":"https:\/\/wp.me\/p6RhLt-vzt","jetpack_sharing_enabled":true,"_links":{"self":[{"href":"https:\/\/eldiariodesanpedro.com.ar\/sitio\/wp-json\/wp\/v2\/posts\/121363","targetHints":{"allow":["GET"]}}],"collection":[{"href":"https:\/\/eldiariodesanpedro.com.ar\/sitio\/wp-json\/wp\/v2\/posts"}],"about":[{"href":"https:\/\/eldiariodesanpedro.com.ar\/sitio\/wp-json\/wp\/v2\/types\/post"}],"author":[{"embeddable":true,"href":"https:\/\/eldiariodesanpedro.com.ar\/sitio\/wp-json\/wp\/v2\/users\/4"}],"replies":[{"embeddable":true,"href":"https:\/\/eldiariodesanpedro.com.ar\/sitio\/wp-json\/wp\/v2\/comments?post=121363"}],"version-history":[{"count":1,"href":"https:\/\/eldiariodesanpedro.com.ar\/sitio\/wp-json\/wp\/v2\/posts\/121363\/revisions"}],"predecessor-version":[{"id":121364,"href":"https:\/\/eldiariodesanpedro.com.ar\/sitio\/wp-json\/wp\/v2\/posts\/121363\/revisions\/121364"}],"wp:featuredmedia":[{"embeddable":true,"href":"https:\/\/eldiariodesanpedro.com.ar\/sitio\/wp-json\/wp\/v2\/media\/102746"}],"wp:attachment":[{"href":"https:\/\/eldiariodesanpedro.com.ar\/sitio\/wp-json\/wp\/v2\/media?parent=121363"}],"wp:term":[{"taxonomy":"category","embeddable":true,"href":"https:\/\/eldiariodesanpedro.com.ar\/sitio\/wp-json\/wp\/v2\/categories?post=121363"},{"taxonomy":"post_tag","embeddable":true,"href":"https:\/\/eldiariodesanpedro.com.ar\/sitio\/wp-json\/wp\/v2\/tags?post=121363"}],"curies":[{"name":"wp","href":"https:\/\/api.w.org\/{rel}","templated":true}]}}