{"id":121361,"date":"2023-08-16T10:47:00","date_gmt":"2023-08-16T13:47:00","guid":{"rendered":"https:\/\/eldiariodesanpedro.com.ar\/sitio\/?p=121361"},"modified":"2023-08-16T10:47:02","modified_gmt":"2023-08-16T13:47:02","slug":"edicto-de-sucesion-de-raul-hector-sualdea","status":"publish","type":"post","link":"https:\/\/eldiariodesanpedro.com.ar\/sitio\/edicto-de-sucesion-de-raul-hector-sualdea\/","title":{"rendered":"Edicto de Sucesi\u00f3n de Raul Hector Sualdea"},"content":{"rendered":"<!-- VideographyWP Plugin Message: Automatic video embedding prevented by plugin options. -->\n\n<p>El Juzgado de Paz de Baradero, sito en calle Av San Martin N\u00ba 1257: de esta ciudad, del Departamento Judicial de San Nicol\u00e1s, Provincia de Buenos Aires, cita y emplaza por Treinta D\u00edas a herederos y acreedores de <strong>Raul Hector Sualdea<\/strong>.- Baradero, 07 de Agosto de 2023.-<\/p>\n\n\n\n<p>ESTEBAN OMAR PERUSINA\u00a0<br>ABOGADO SECRETARIO\u00a0<\/p>\n\n\n\n<p>(Publicaci\u00f3n V\u00e1lida por el d\u00eda 16, 17 y 18 de Agosto de 2023)<br><a href=\"https:\/\/notificaciones.scba.gov.ar\/verificarnotificacion.aspx?codNotif=Y033P4\">https:\/\/notificaciones.scba.gov.ar\/verificarnotificacion.aspx?codNotif=Y033P4<\/a>&nbsp;<\/p>\n","protected":false},"excerpt":{"rendered":"<p>El Juzgado de Paz de Baradero, sito en calle Av San Martin N\u00ba 1257: de esta ciudad, del Departamento Judicial de San Nicol\u00e1s, Provincia de Buenos Aires, cita y emplaza por Treinta D\u00edas a herederos y acreedores de Raul Hector Sualdea.- Baradero, 07 de Agosto de 2023.- ESTEBAN OMAR PERUSINA\u00a0ABOGADO SECRETARIO\u00a0 (Publicaci\u00f3n V\u00e1lida por el [&hellip;]<\/p>\n","protected":false},"author":4,"featured_media":102746,"comment_status":"closed","ping_status":"closed","sticky":false,"template":"","format":"standard","meta":{"om_disable_all_campaigns":false,"_jetpack_memberships_contains_paid_content":false,"footnotes":""},"categories":[676,677],"tags":[4411],"class_list":["post-121361","post","type-post","status-publish","format-standard","has-post-thumbnail","hentry","category-edictos","category-edictos-sucesorios","tag-edicto-de-sucesion-de-raul-hector-sualdea"],"aioseo_notices":[],"gutentor_comment":0,"jetpack_featured_media_url":"https:\/\/eldiariodesanpedro.com.ar\/sitio\/wp-content\/uploads\/2022\/01\/EDICTO.jpg","jetpack_shortlink":"https:\/\/wp.me\/p6RhLt-vzr","jetpack_sharing_enabled":true,"_links":{"self":[{"href":"https:\/\/eldiariodesanpedro.com.ar\/sitio\/wp-json\/wp\/v2\/posts\/121361","targetHints":{"allow":["GET"]}}],"collection":[{"href":"https:\/\/eldiariodesanpedro.com.ar\/sitio\/wp-json\/wp\/v2\/posts"}],"about":[{"href":"https:\/\/eldiariodesanpedro.com.ar\/sitio\/wp-json\/wp\/v2\/types\/post"}],"author":[{"embeddable":true,"href":"https:\/\/eldiariodesanpedro.com.ar\/sitio\/wp-json\/wp\/v2\/users\/4"}],"replies":[{"embeddable":true,"href":"https:\/\/eldiariodesanpedro.com.ar\/sitio\/wp-json\/wp\/v2\/comments?post=121361"}],"version-history":[{"count":1,"href":"https:\/\/eldiariodesanpedro.com.ar\/sitio\/wp-json\/wp\/v2\/posts\/121361\/revisions"}],"predecessor-version":[{"id":121362,"href":"https:\/\/eldiariodesanpedro.com.ar\/sitio\/wp-json\/wp\/v2\/posts\/121361\/revisions\/121362"}],"wp:featuredmedia":[{"embeddable":true,"href":"https:\/\/eldiariodesanpedro.com.ar\/sitio\/wp-json\/wp\/v2\/media\/102746"}],"wp:attachment":[{"href":"https:\/\/eldiariodesanpedro.com.ar\/sitio\/wp-json\/wp\/v2\/media?parent=121361"}],"wp:term":[{"taxonomy":"category","embeddable":true,"href":"https:\/\/eldiariodesanpedro.com.ar\/sitio\/wp-json\/wp\/v2\/categories?post=121361"},{"taxonomy":"post_tag","embeddable":true,"href":"https:\/\/eldiariodesanpedro.com.ar\/sitio\/wp-json\/wp\/v2\/tags?post=121361"}],"curies":[{"name":"wp","href":"https:\/\/api.w.org\/{rel}","templated":true}]}}