{"id":121355,"date":"2023-08-16T10:30:14","date_gmt":"2023-08-16T13:30:14","guid":{"rendered":"https:\/\/eldiariodesanpedro.com.ar\/sitio\/?p=121355"},"modified":"2026-01-24T00:54:08","modified_gmt":"2026-01-24T03:54:08","slug":"fallecio-angel-ramon-ponti-de-96-anos-de-edad","status":"publish","type":"post","link":"https:\/\/eldiariodesanpedro.com.ar\/sitio\/fallecio-angel-ramon-ponti-de-96-anos-de-edad\/","title":{"rendered":"Falleci\u00f3 \u00c1ngel Ram\u00f3n Ponti de 96 a\u00f1os de edad"},"content":{"rendered":"<!-- VideographyWP Plugin Message: Automatic video embedding prevented by plugin options. -->\n\n<p>Se informa el fallecimiento de \u00c1ngel Ram\u00f3n Ponti de 96 a\u00f1os de edad, el velatoria se realiz\u00f3 en la sala velatoria N\u00ba 41.<br>El sepelio se llev\u00f3 a cabo este martes 15 de agosto a partir de las 11:00 hs y sus restos fueron inhumados en el cementerio local.<\/p>\n","protected":false},"excerpt":{"rendered":"<p>Se informa el fallecimiento de \u00c1ngel Ram\u00f3n Ponti de 96 a\u00f1os de edad, el velatoria se realiz\u00f3 en la sala velatoria N\u00ba 41.El sepelio se llev\u00f3 a cabo este martes 15 de agosto a partir de las 11:00 hs y sus restos fueron inhumados en el cementerio local.<\/p>\n","protected":false},"author":4,"featured_media":113757,"comment_status":"closed","ping_status":"closed","sticky":false,"template":"","format":"standard","meta":{"om_disable_all_campaigns":false,"_jetpack_memberships_contains_paid_content":false,"footnotes":""},"categories":[8424],"tags":[197,696,33,19],"class_list":["post-121355","post","type-post","status-publish","format-standard","has-post-thumbnail","hentry","category-necrologicas","tag-buenos-aires","tag-interes-general","tag-locales","tag-san-pedro"],"aioseo_notices":[],"gutentor_comment":0,"jetpack_featured_media_url":"https:\/\/eldiariodesanpedro.com.ar\/sitio\/wp-content\/uploads\/2023\/01\/necrologicas.jpg","jetpack_shortlink":"https:\/\/wp.me\/p6RhLt-vzl","jetpack_sharing_enabled":true,"_links":{"self":[{"href":"https:\/\/eldiariodesanpedro.com.ar\/sitio\/wp-json\/wp\/v2\/posts\/121355","targetHints":{"allow":["GET"]}}],"collection":[{"href":"https:\/\/eldiariodesanpedro.com.ar\/sitio\/wp-json\/wp\/v2\/posts"}],"about":[{"href":"https:\/\/eldiariodesanpedro.com.ar\/sitio\/wp-json\/wp\/v2\/types\/post"}],"author":[{"embeddable":true,"href":"https:\/\/eldiariodesanpedro.com.ar\/sitio\/wp-json\/wp\/v2\/users\/4"}],"replies":[{"embeddable":true,"href":"https:\/\/eldiariodesanpedro.com.ar\/sitio\/wp-json\/wp\/v2\/comments?post=121355"}],"version-history":[{"count":1,"href":"https:\/\/eldiariodesanpedro.com.ar\/sitio\/wp-json\/wp\/v2\/posts\/121355\/revisions"}],"predecessor-version":[{"id":121356,"href":"https:\/\/eldiariodesanpedro.com.ar\/sitio\/wp-json\/wp\/v2\/posts\/121355\/revisions\/121356"}],"wp:featuredmedia":[{"embeddable":true,"href":"https:\/\/eldiariodesanpedro.com.ar\/sitio\/wp-json\/wp\/v2\/media\/113757"}],"wp:attachment":[{"href":"https:\/\/eldiariodesanpedro.com.ar\/sitio\/wp-json\/wp\/v2\/media?parent=121355"}],"wp:term":[{"taxonomy":"category","embeddable":true,"href":"https:\/\/eldiariodesanpedro.com.ar\/sitio\/wp-json\/wp\/v2\/categories?post=121355"},{"taxonomy":"post_tag","embeddable":true,"href":"https:\/\/eldiariodesanpedro.com.ar\/sitio\/wp-json\/wp\/v2\/tags?post=121355"}],"curies":[{"name":"wp","href":"https:\/\/api.w.org\/{rel}","templated":true}]}}