{"id":12123,"date":"2016-12-29T19:56:17","date_gmt":"2016-12-29T22:56:17","guid":{"rendered":"https:\/\/eldiariodesanpedro.com.ar\/sitio\/?p=12123"},"modified":"2016-12-29T19:56:17","modified_gmt":"2016-12-29T22:56:17","slug":"se-aprobo-el-tan-cuestionado-aumento-de-tasas","status":"publish","type":"post","link":"https:\/\/eldiariodesanpedro.com.ar\/sitio\/se-aprobo-el-tan-cuestionado-aumento-de-tasas\/","title":{"rendered":"Se aprob\u00f3 el tan cuestionado aumento de tasas"},"content":{"rendered":"<p><!-- VideographyWP Plugin Message: Automatic video embedding prevented by plugin options. --><br \/>\nEste d\u00eda jueves, se llev\u00f3 a cabo la Asamblea de Mayores Contribuyentes y Concejales en el Sal\u00f3n Dorado de la Municipalidad de nuestra ciudad. Dio comienzo, como estaba previsto, a las 13.30 en un marco que reuni\u00f3 a trabajadores municipales, militantes del Frente para la Victoria y la Juventud Radical, y vecinos que se acercaron a presenciar la asamblea.<\/p>\n<p>Finalmente, se aprob\u00f3 por mayor\u00eda el aumento de las tasas, gracias al voto positivo de 12 concejales y 7 mayores contribuyentes. Se requer\u00eda de 19 votos para poder ser aprobada seg\u00fan lo requiere la ley, que establece la aprobaci\u00f3n por mayor\u00eda absoluta: la mitad m\u00e1s uno de los que conforman el cuerpo 18 concejales y 18 mayores contribuyentes.<\/p>\n<p>En esta sesi\u00f3n hubo 17 ediles presentes, ya que el concejal Ramanzini se encontraba de licencia, y 13 mayores contribuyentes, faltando tres de estos mismos por diferentes motivos.<\/p>\n<p>Los que votaron a favor fueron Mario Barbieri, el presidente del Concejo; el bloque integrado por Dalmy Butti y Patricia Rocca, y por supuesto el bloque oficialista integrado por Iv\u00e1n Paz, Sergio Rosa, Gerardo Pelletier, Horacio Neyra, Elisa Ferraro, M\u00f3nica Otero, Mat\u00edas Franco, Andrea Maroli y Juan Luis Garavaglia, junto a los mayores contribuyentes Sergio Ferragut, Iv\u00e1n Juan Bennazar, Daniel Gordillo, Omar Riolfo, Roberto Taurizano, Eduardo Birador y Sergio Ferragut.<\/p>\n<p>Los que votaron en contra de la ordenanzas fiscal e impositiva que incluyen un aumento de tasas fueron los concejales Dami\u00e1n Mosquera, Rodolfo Trelles, Florencia S\u00e1nchez, Am\u00e9rico Quintana y Jos\u00e9 Luis Tirelli, en lugar de Ariel Ramanzini, junto a los mayores contribuyentes Adriana Fanelli, Roque D\u00edaz, Alberico Cabrera, Juan Guti\u00e9rrez, Eduardo Descalzo y Graciela Borda.<\/p>\n<p>Tal como sucedi\u00f3 en la sesi\u00f3n del HCD en la que se impuls\u00f3 la iniciativa del Ejecutivo, los concejales oficialistas, encabezados por Iv\u00e1n Paz, explicaron los fundamentos del incremento. La explicaci\u00f3n central del pedido de aumento es el desajuste entre el ingreso en concepto de tasas y el costo del servicio que se brinda como contraprestaci\u00f3n. <\/p>\n<p>Adem\u00e1s, en la asamblea ocurri\u00f3 algo fuera de lo habitual. Se trat\u00f3 de un descargo por parte del edil Am\u00e9rico Quintana, quien denunci\u00f3 aprietes por parte del dirigente sindical Ra\u00fal \u00abChipi\u00bb Benitez.<\/p>\n<p>Como resultado de la aprobaci\u00f3n de este aumento, en el pr\u00f3ximo a\u00f1o el incremento ser\u00e1 del 35% al 100%, dependiendo el fin del dinero. Alumbrado, Barrido, Limpieza y Conservaci\u00f3n de la V\u00eda P\u00fablica se incrementar\u00e1n en un 50 por ciento; Servicios Sanitarios no medido entre un 0 y un 100 por ciento en el a\u00f1o 2017 de acuerdo a la valuaci\u00f3n fiscal provincial de los inmuebles; Servicios Sanitarios medido no tendr\u00e1 incrementos; Conservaci\u00f3n, Reparaci\u00f3n y Mejorado de la Red Vial aumentar\u00e1 en promedio un 50 por ciento; y se mantienen los par\u00e1metros de tributaci\u00f3n en la tasa de Seguridad e Higiene respecto de la cantidad de empleados y sobre ingresos brutos.<\/p>\n","protected":false},"excerpt":{"rendered":"<p>Este d\u00eda jueves, se llev\u00f3 a cabo la Asamblea de Mayores Contribuyentes y Concejales en el Sal\u00f3n Dorado de la Municipalidad de nuestra ciudad. Dio comienzo, como estaba previsto, a las 13.30 en un marco que reuni\u00f3 a trabajadores municipales, militantes del Frente para la Victoria y la Juventud Radical, y vecinos que se acercaron [&hellip;]<\/p>\n","protected":false},"author":4,"featured_media":12124,"comment_status":"open","ping_status":"closed","sticky":false,"template":"","format":"standard","meta":{"om_disable_all_campaigns":false,"_jetpack_memberships_contains_paid_content":false,"footnotes":""},"categories":[50,2,102],"tags":[],"class_list":["post-12123","post","type-post","status-publish","format-standard","has-post-thumbnail","hentry","category-destacadas","category-locales","category-politica-locales"],"aioseo_notices":[],"gutentor_comment":0,"jetpack_featured_media_url":"https:\/\/eldiariodesanpedro.com.ar\/sitio\/wp-content\/uploads\/2016\/12\/La-asamblea-se-llev\u00f3-a-cabo-en-el-Sal\u00f3n-Dorado.jpg","jetpack_shortlink":"https:\/\/wp.me\/p6RhLt-39x","jetpack_sharing_enabled":true,"_links":{"self":[{"href":"https:\/\/eldiariodesanpedro.com.ar\/sitio\/wp-json\/wp\/v2\/posts\/12123","targetHints":{"allow":["GET"]}}],"collection":[{"href":"https:\/\/eldiariodesanpedro.com.ar\/sitio\/wp-json\/wp\/v2\/posts"}],"about":[{"href":"https:\/\/eldiariodesanpedro.com.ar\/sitio\/wp-json\/wp\/v2\/types\/post"}],"author":[{"embeddable":true,"href":"https:\/\/eldiariodesanpedro.com.ar\/sitio\/wp-json\/wp\/v2\/users\/4"}],"replies":[{"embeddable":true,"href":"https:\/\/eldiariodesanpedro.com.ar\/sitio\/wp-json\/wp\/v2\/comments?post=12123"}],"version-history":[{"count":1,"href":"https:\/\/eldiariodesanpedro.com.ar\/sitio\/wp-json\/wp\/v2\/posts\/12123\/revisions"}],"predecessor-version":[{"id":12125,"href":"https:\/\/eldiariodesanpedro.com.ar\/sitio\/wp-json\/wp\/v2\/posts\/12123\/revisions\/12125"}],"wp:featuredmedia":[{"embeddable":true,"href":"https:\/\/eldiariodesanpedro.com.ar\/sitio\/wp-json\/wp\/v2\/media\/12124"}],"wp:attachment":[{"href":"https:\/\/eldiariodesanpedro.com.ar\/sitio\/wp-json\/wp\/v2\/media?parent=12123"}],"wp:term":[{"taxonomy":"category","embeddable":true,"href":"https:\/\/eldiariodesanpedro.com.ar\/sitio\/wp-json\/wp\/v2\/categories?post=12123"},{"taxonomy":"post_tag","embeddable":true,"href":"https:\/\/eldiariodesanpedro.com.ar\/sitio\/wp-json\/wp\/v2\/tags?post=12123"}],"curies":[{"name":"wp","href":"https:\/\/api.w.org\/{rel}","templated":true}]}}