{"id":12120,"date":"2016-12-29T19:52:07","date_gmt":"2016-12-29T22:52:07","guid":{"rendered":"https:\/\/eldiariodesanpedro.com.ar\/sitio\/?p=12120"},"modified":"2016-12-29T19:52:07","modified_gmt":"2016-12-29T22:52:07","slug":"un-nuevo-mural-en-la-interseccion-de-boulevard-parana-y-mitre-2","status":"publish","type":"post","link":"https:\/\/eldiariodesanpedro.com.ar\/sitio\/un-nuevo-mural-en-la-interseccion-de-boulevard-parana-y-mitre-2\/","title":{"rendered":"Un nuevo mural en la intersecci\u00f3n de Boulevard Paran\u00e1 y Mitre"},"content":{"rendered":"<p><!-- VideographyWP Plugin Message: Automatic video embedding prevented by plugin options. --><br \/>\nLa agrupaci\u00f3n feminista Libres de Miedo, que el pasado 12 de diciembre cumpli\u00f3 4 a\u00f1os, realiz\u00f3 el viernes 23 un nuevo mural en la intersecci\u00f3n de Boulevard Paran\u00e1 y Mitre.<\/p>\n<p>En esta oportunidad, la artista Guillermina Berola colabor\u00f3 activamente con la iniciativa, contando adem\u00e1s con el aporte de Zeque Bracco y manos an\u00f3nimas que hicieron llegar sus trabajos.<\/p>\n<p>Adem\u00e1s del nuevo mural, fue reparado el que ya estaba en el lugar, un trabajo realizado por Myriam Bonilla, en junio de 2015.<\/p>\n","protected":false},"excerpt":{"rendered":"<p>La agrupaci\u00f3n feminista Libres de Miedo, que el pasado 12 de diciembre cumpli\u00f3 4 a\u00f1os, realiz\u00f3 el viernes 23 un nuevo mural en la intersecci\u00f3n de Boulevard Paran\u00e1 y Mitre. En esta oportunidad, la artista Guillermina Berola colabor\u00f3 activamente con la iniciativa, contando adem\u00e1s con el aporte de Zeque Bracco y manos an\u00f3nimas que hicieron [&hellip;]<\/p>\n","protected":false},"author":4,"featured_media":12121,"comment_status":"open","ping_status":"closed","sticky":false,"template":"","format":"standard","meta":{"om_disable_all_campaigns":false,"_jetpack_memberships_contains_paid_content":false,"footnotes":""},"categories":[101,2],"tags":[],"class_list":["post-12120","post","type-post","status-publish","format-standard","has-post-thumbnail","hentry","category-interes-general-locales","category-locales"],"aioseo_notices":[],"gutentor_comment":0,"jetpack_featured_media_url":"https:\/\/eldiariodesanpedro.com.ar\/sitio\/wp-content\/uploads\/2016\/12\/PAGINA-4-UNO.jpg","jetpack_shortlink":"https:\/\/wp.me\/p6RhLt-39u","jetpack_sharing_enabled":true,"_links":{"self":[{"href":"https:\/\/eldiariodesanpedro.com.ar\/sitio\/wp-json\/wp\/v2\/posts\/12120","targetHints":{"allow":["GET"]}}],"collection":[{"href":"https:\/\/eldiariodesanpedro.com.ar\/sitio\/wp-json\/wp\/v2\/posts"}],"about":[{"href":"https:\/\/eldiariodesanpedro.com.ar\/sitio\/wp-json\/wp\/v2\/types\/post"}],"author":[{"embeddable":true,"href":"https:\/\/eldiariodesanpedro.com.ar\/sitio\/wp-json\/wp\/v2\/users\/4"}],"replies":[{"embeddable":true,"href":"https:\/\/eldiariodesanpedro.com.ar\/sitio\/wp-json\/wp\/v2\/comments?post=12120"}],"version-history":[{"count":1,"href":"https:\/\/eldiariodesanpedro.com.ar\/sitio\/wp-json\/wp\/v2\/posts\/12120\/revisions"}],"predecessor-version":[{"id":12122,"href":"https:\/\/eldiariodesanpedro.com.ar\/sitio\/wp-json\/wp\/v2\/posts\/12120\/revisions\/12122"}],"wp:featuredmedia":[{"embeddable":true,"href":"https:\/\/eldiariodesanpedro.com.ar\/sitio\/wp-json\/wp\/v2\/media\/12121"}],"wp:attachment":[{"href":"https:\/\/eldiariodesanpedro.com.ar\/sitio\/wp-json\/wp\/v2\/media?parent=12120"}],"wp:term":[{"taxonomy":"category","embeddable":true,"href":"https:\/\/eldiariodesanpedro.com.ar\/sitio\/wp-json\/wp\/v2\/categories?post=12120"},{"taxonomy":"post_tag","embeddable":true,"href":"https:\/\/eldiariodesanpedro.com.ar\/sitio\/wp-json\/wp\/v2\/tags?post=12120"}],"curies":[{"name":"wp","href":"https:\/\/api.w.org\/{rel}","templated":true}]}}