{"id":121180,"date":"2023-08-08T21:35:14","date_gmt":"2023-08-09T00:35:14","guid":{"rendered":"https:\/\/eldiariodesanpedro.com.ar\/sitio\/?p=121180"},"modified":"2023-08-08T21:35:16","modified_gmt":"2023-08-09T00:35:16","slug":"amenazo-de-muerte-a-su-hermana-y-fue-detenido","status":"publish","type":"post","link":"https:\/\/eldiariodesanpedro.com.ar\/sitio\/amenazo-de-muerte-a-su-hermana-y-fue-detenido\/","title":{"rendered":"Amenaz\u00f3 de muerte a su hermana y fue detenido"},"content":{"rendered":"<!-- VideographyWP Plugin Message: Automatic video embedding prevented by plugin options. -->\n\n<p>En un incidente de violencia intrafamiliar, las autoridades detuvieron a un hombre de 36 a\u00f1os el pasado lunes en Mois\u00e9s Novillo. La r\u00e1pida intervenci\u00f3n de la polic\u00eda fue posible gracias a un llamado a la Comisar\u00eda que alert\u00f3 sobre la situaci\u00f3n que estaba teniendo lugar en la ubicaci\u00f3n mencionada.<\/p>\n\n\n\n<p>El detenido, cuya identidad no ha sido revelada, hab\u00eda amenazado de muerte a su hermana, una mujer de 42 a\u00f1os, despu\u00e9s de violentar el candado de su vivienda. La v\u00edctima recibi\u00f3 asistencia y apoyo por parte de la Comisar\u00eda de la Mujer y la Familia para garantizar su seguridad y bienestar en esta dif\u00edcil situaci\u00f3n.<\/p>\n\n\n\n<p>El individuo enfrenta cargos de acuerdo a la Ley 12.569, siendo procesado por \u00abAmenazas agravadas, da\u00f1os y violaci\u00f3n de domicilio\u00bb. Estos cargos subrayan la seriedad de la situaci\u00f3n y la determinaci\u00f3n de las autoridades en abordar casos de violencia dom\u00e9stica con la mayor firmeza posible.<\/p>\n\n\n\n<p>La Comisar\u00eda de la Mujer y la Familia ha estado trabajando incansablemente para garantizar que las v\u00edctimas de violencia intrafamiliar reciban el apoyo necesario. En este caso, su intervenci\u00f3n oportuna fue crucial para proteger a la v\u00edctima y detener al presunto agresor.<\/p>\n","protected":false},"excerpt":{"rendered":"<p>En un incidente de violencia intrafamiliar, las autoridades detuvieron a un hombre de 36 a\u00f1os el pasado lunes en Mois\u00e9s Novillo. La r\u00e1pida intervenci\u00f3n de la polic\u00eda fue posible gracias a un llamado a la Comisar\u00eda que alert\u00f3 sobre la situaci\u00f3n que estaba teniendo lugar en la ubicaci\u00f3n mencionada. El detenido, cuya identidad no ha [&hellip;]<\/p>\n","protected":false},"author":4,"featured_media":121181,"comment_status":"closed","ping_status":"closed","sticky":false,"template":"","format":"standard","meta":{"om_disable_all_campaigns":false,"_jetpack_memberships_contains_paid_content":false,"footnotes":""},"categories":[2,103],"tags":[197,33,95,19],"class_list":["post-121180","post","type-post","status-publish","format-standard","has-post-thumbnail","hentry","category-locales","category-policiales-locales","tag-buenos-aires","tag-locales","tag-policiales","tag-san-pedro"],"aioseo_notices":[],"gutentor_comment":0,"jetpack_featured_media_url":"https:\/\/eldiariodesanpedro.com.ar\/sitio\/wp-content\/uploads\/2023\/08\/Agresion-hermana-.jpg","jetpack_shortlink":"https:\/\/wp.me\/p6RhLt-vww","jetpack_sharing_enabled":true,"_links":{"self":[{"href":"https:\/\/eldiariodesanpedro.com.ar\/sitio\/wp-json\/wp\/v2\/posts\/121180","targetHints":{"allow":["GET"]}}],"collection":[{"href":"https:\/\/eldiariodesanpedro.com.ar\/sitio\/wp-json\/wp\/v2\/posts"}],"about":[{"href":"https:\/\/eldiariodesanpedro.com.ar\/sitio\/wp-json\/wp\/v2\/types\/post"}],"author":[{"embeddable":true,"href":"https:\/\/eldiariodesanpedro.com.ar\/sitio\/wp-json\/wp\/v2\/users\/4"}],"replies":[{"embeddable":true,"href":"https:\/\/eldiariodesanpedro.com.ar\/sitio\/wp-json\/wp\/v2\/comments?post=121180"}],"version-history":[{"count":1,"href":"https:\/\/eldiariodesanpedro.com.ar\/sitio\/wp-json\/wp\/v2\/posts\/121180\/revisions"}],"predecessor-version":[{"id":121182,"href":"https:\/\/eldiariodesanpedro.com.ar\/sitio\/wp-json\/wp\/v2\/posts\/121180\/revisions\/121182"}],"wp:featuredmedia":[{"embeddable":true,"href":"https:\/\/eldiariodesanpedro.com.ar\/sitio\/wp-json\/wp\/v2\/media\/121181"}],"wp:attachment":[{"href":"https:\/\/eldiariodesanpedro.com.ar\/sitio\/wp-json\/wp\/v2\/media?parent=121180"}],"wp:term":[{"taxonomy":"category","embeddable":true,"href":"https:\/\/eldiariodesanpedro.com.ar\/sitio\/wp-json\/wp\/v2\/categories?post=121180"},{"taxonomy":"post_tag","embeddable":true,"href":"https:\/\/eldiariodesanpedro.com.ar\/sitio\/wp-json\/wp\/v2\/tags?post=121180"}],"curies":[{"name":"wp","href":"https:\/\/api.w.org\/{rel}","templated":true}]}}