{"id":121176,"date":"2023-08-08T21:19:04","date_gmt":"2023-08-09T00:19:04","guid":{"rendered":"https:\/\/eldiariodesanpedro.com.ar\/sitio\/?p=121176"},"modified":"2023-08-08T21:19:06","modified_gmt":"2023-08-09T00:19:06","slug":"bombero-sampedrino-en-el-equipo-que-logro-certificacion-internacional-en-busqueda-y-rescate","status":"publish","type":"post","link":"https:\/\/eldiariodesanpedro.com.ar\/sitio\/bombero-sampedrino-en-el-equipo-que-logro-certificacion-internacional-en-busqueda-y-rescate\/","title":{"rendered":"Bombero sampedrino en el equipo que logr\u00f3 certificaci\u00f3n internacional en b\u00fasqueda y rescate"},"content":{"rendered":"<!-- VideographyWP Plugin Message: Automatic video embedding prevented by plugin options. -->\n\n<p>El bombero voluntario sampedrino Alejandro Garc\u00eda fue uno de los auditores de la acreditaci\u00f3n del sistema de equipos de b\u00fasqueda y rescate urbano que obtuvo la certificaci\u00f3n internacional IRNAP.<br>Este sistema verifica la calidad de los equipos usar que trabajan en contingencias de emergencia y cat\u00e1strofe.<\/p>\n\n\n\n<p>\u00abEste es un gran logro de Argentina en materia de Gesti\u00f3n Integral del Riesgo de Desastres pues implica el reconocimiento internacional al sistema que nuestro pa\u00eds desarroll\u00f3 para acreditar equipos como el de la Federaci\u00f3n de Bomberos Voluntarios de la Provincia de Buenos Aires, a partir de hoy ARG-13\u00bb expresaron desde la Asociaci\u00f3n de Bomberos Voluntarios.<\/p>\n\n\n\n<p>En tal sentido, destacaron \u00abla participaci\u00f3n de personal de Bomberos Voluntarios de San Pedro como el numerario Alejandro Garcia quien fue auditor de esta acreditaci\u00f3n por intermedio de la Brigada USAR 2 de Junio\u00bb.<\/p>\n\n\n\n<figure class=\"wp-block-image size-full\"><img decoding=\"async\" width=\"698\" height=\"630\" data-attachment-id=\"121178\" data-permalink=\"https:\/\/eldiariodesanpedro.com.ar\/sitio\/bombero-sampedrino-en-el-equipo-que-logro-certificacion-internacional-en-busqueda-y-rescate\/363375033_334845902209150_2963163958177913044_n\/\" data-orig-file=\"https:\/\/eldiariodesanpedro.com.ar\/sitio\/wp-content\/uploads\/2023\/08\/363375033_334845902209150_2963163958177913044_n.jpg\" data-orig-size=\"698,630\" data-comments-opened=\"0\" data-image-meta=\"{&quot;aperture&quot;:&quot;0&quot;,&quot;credit&quot;:&quot;&quot;,&quot;camera&quot;:&quot;&quot;,&quot;caption&quot;:&quot;&quot;,&quot;created_timestamp&quot;:&quot;0&quot;,&quot;copyright&quot;:&quot;&quot;,&quot;focal_length&quot;:&quot;0&quot;,&quot;iso&quot;:&quot;0&quot;,&quot;shutter_speed&quot;:&quot;0&quot;,&quot;title&quot;:&quot;&quot;,&quot;orientation&quot;:&quot;0&quot;}\" data-image-title=\"363375033_334845902209150_2963163958177913044_n\" data-image-description=\"\" data-image-caption=\"\" data-large-file=\"https:\/\/eldiariodesanpedro.com.ar\/sitio\/wp-content\/uploads\/2023\/08\/363375033_334845902209150_2963163958177913044_n.jpg\" data-src=\"https:\/\/eldiariodesanpedro.com.ar\/sitio\/wp-content\/uploads\/2023\/08\/363375033_334845902209150_2963163958177913044_n.jpg\" alt=\"\" class=\"wp-image-121178 lazyload\" data-srcset=\"https:\/\/eldiariodesanpedro.com.ar\/sitio\/wp-content\/uploads\/2023\/08\/363375033_334845902209150_2963163958177913044_n.jpg 698w, https:\/\/eldiariodesanpedro.com.ar\/sitio\/wp-content\/uploads\/2023\/08\/363375033_334845902209150_2963163958177913044_n-300x271.jpg 300w\" data-sizes=\"(max-width: 698px) 100vw, 698px\" src=\"data:image\/svg+xml;base64,PHN2ZyB3aWR0aD0iMSIgaGVpZ2h0PSIxIiB4bWxucz0iaHR0cDovL3d3dy53My5vcmcvMjAwMC9zdmciPjwvc3ZnPg==\" style=\"--smush-placeholder-width: 698px; --smush-placeholder-aspect-ratio: 698\/630;\" \/><\/figure>\n","protected":false},"excerpt":{"rendered":"<p>El bombero voluntario sampedrino Alejandro Garc\u00eda fue uno de los auditores de la acreditaci\u00f3n del sistema de equipos de b\u00fasqueda y rescate urbano que obtuvo la certificaci\u00f3n internacional IRNAP.Este sistema verifica la calidad de los equipos usar que trabajan en contingencias de emergencia y cat\u00e1strofe. \u00abEste es un gran logro de Argentina en materia de [&hellip;]<\/p>\n","protected":false},"author":4,"featured_media":121177,"comment_status":"closed","ping_status":"closed","sticky":false,"template":"","format":"standard","meta":{"om_disable_all_campaigns":false,"_jetpack_memberships_contains_paid_content":false,"footnotes":""},"categories":[101,2],"tags":[197,33,19],"class_list":["post-121176","post","type-post","status-publish","format-standard","has-post-thumbnail","hentry","category-interes-general-locales","category-locales","tag-buenos-aires","tag-locales","tag-san-pedro"],"aioseo_notices":[],"gutentor_comment":0,"jetpack_featured_media_url":"https:\/\/eldiariodesanpedro.com.ar\/sitio\/wp-content\/uploads\/2023\/08\/medida-16.png","jetpack_shortlink":"https:\/\/wp.me\/p6RhLt-vws","jetpack_sharing_enabled":true,"_links":{"self":[{"href":"https:\/\/eldiariodesanpedro.com.ar\/sitio\/wp-json\/wp\/v2\/posts\/121176","targetHints":{"allow":["GET"]}}],"collection":[{"href":"https:\/\/eldiariodesanpedro.com.ar\/sitio\/wp-json\/wp\/v2\/posts"}],"about":[{"href":"https:\/\/eldiariodesanpedro.com.ar\/sitio\/wp-json\/wp\/v2\/types\/post"}],"author":[{"embeddable":true,"href":"https:\/\/eldiariodesanpedro.com.ar\/sitio\/wp-json\/wp\/v2\/users\/4"}],"replies":[{"embeddable":true,"href":"https:\/\/eldiariodesanpedro.com.ar\/sitio\/wp-json\/wp\/v2\/comments?post=121176"}],"version-history":[{"count":1,"href":"https:\/\/eldiariodesanpedro.com.ar\/sitio\/wp-json\/wp\/v2\/posts\/121176\/revisions"}],"predecessor-version":[{"id":121179,"href":"https:\/\/eldiariodesanpedro.com.ar\/sitio\/wp-json\/wp\/v2\/posts\/121176\/revisions\/121179"}],"wp:featuredmedia":[{"embeddable":true,"href":"https:\/\/eldiariodesanpedro.com.ar\/sitio\/wp-json\/wp\/v2\/media\/121177"}],"wp:attachment":[{"href":"https:\/\/eldiariodesanpedro.com.ar\/sitio\/wp-json\/wp\/v2\/media?parent=121176"}],"wp:term":[{"taxonomy":"category","embeddable":true,"href":"https:\/\/eldiariodesanpedro.com.ar\/sitio\/wp-json\/wp\/v2\/categories?post=121176"},{"taxonomy":"post_tag","embeddable":true,"href":"https:\/\/eldiariodesanpedro.com.ar\/sitio\/wp-json\/wp\/v2\/tags?post=121176"}],"curies":[{"name":"wp","href":"https:\/\/api.w.org\/{rel}","templated":true}]}}