{"id":121174,"date":"2023-08-08T21:00:36","date_gmt":"2023-08-09T00:00:36","guid":{"rendered":"https:\/\/eldiariodesanpedro.com.ar\/sitio\/?p=121174"},"modified":"2023-08-08T21:00:38","modified_gmt":"2023-08-09T00:00:38","slug":"concejales-de-juntos-pro-piden-acciones-urgentes-para-la-ex-planta-depuradora-de-san-pedro","status":"publish","type":"post","link":"https:\/\/eldiariodesanpedro.com.ar\/sitio\/concejales-de-juntos-pro-piden-acciones-urgentes-para-la-ex-planta-depuradora-de-san-pedro\/","title":{"rendered":"Concejales de Juntos Pro Piden Acciones Urgentes para la Ex Planta Depuradora de San Pedro"},"content":{"rendered":"<!-- VideographyWP Plugin Message: Automatic video embedding prevented by plugin options. -->\n\n<p>En una acci\u00f3n conjunta, los concejales Gerardo Pelletier y Vanina Cappelletti, pertenecientes al bloque Juntos Pro, han presentado un proyecto de resoluci\u00f3n que demanda al Departamento Ejecutivo de la ciudad de San Pedro que lleve a cabo medidas inmediatas de desinfecci\u00f3n y limpieza en el predio municipal de la ex planta depuradora.<\/p>\n\n\n\n<p>Adem\u00e1s de esta solicitud, los concejales est\u00e1n enfocados en la necesidad imperiosa de encontrar una soluci\u00f3n efectiva o una alternativa viable para resolver la problem\u00e1tica de los residuos cloacales que actualmente afectan la zona.<\/p>\n\n\n\n<p>Este proyecto surge en un contexto donde se hace hincapi\u00e9 en la historia legislativa de la ciudad, recordando que en el a\u00f1o 2000 se aprob\u00f3 la Ordenanza N\u00b0 5193, un hito significativo que estableci\u00f3 el compromiso de aportar fondos al Departamento Ejecutivo Municipal (DEM) para la construcci\u00f3n de la Planta Depuradora de San Pedro. Dicha planta, en su concepci\u00f3n original, estaba destinada a contar con ca\u00f1er\u00edas de impulsi\u00f3n y colectora ribere\u00f1a, pero en la actualidad permanece inactiva bajo el nombre de Ex Planta Depuradora.<\/p>\n\n\n\n<p>Una de las bases fundamentales para la presentaci\u00f3n de esta propuesta de resoluci\u00f3n es la consideraci\u00f3n de que la Ordenanza N\u00b0 5193 fue promulgada precisamente por ser la construcci\u00f3n de la Planta de Tratamiento de L\u00edquidos Cloacales una de las obras de mayor prioridad, ya que su puesta en funcionamiento permitir\u00eda una expansi\u00f3n crucial en el servicio de cloacas en el sector noroeste de la ciudad. Dicha \u00e1rea se encuentra actualmente operando a su m\u00e1xima capacidad, lo que hace que esta soluci\u00f3n sea m\u00e1s urgente que nunca.<\/p>\n\n\n\n<p>Los concejales subrayaron que la implementaci\u00f3n de la Ordenanza N\u00b0 5193 tendr\u00eda un doble impacto positivo, al no solo mejorar las infraestructuras de servicios para la comunidad, sino tambi\u00e9n contribuir significativamente a la preservaci\u00f3n del entorno natural. Esta consideraci\u00f3n es especialmente relevante debido a la situaci\u00f3n actual, donde los l\u00edquidos cloacales son vertidos sin tratamiento previo en las aguas del R\u00edo Paran\u00e1, teniendo un impacto negativo en el medio ambiente.<\/p>\n\n\n\n<p>Otro aspecto crucial resaltado en el proyecto de resoluci\u00f3n es la ubicaci\u00f3n estrat\u00e9gica del predio de la ex planta depuradora. Al encontrarse adyacente al Jard\u00edn Municipal Frutillitas, un lugar que recibe a diario a ni\u00f1os, docentes, familias y vecinos de la ciudad de San Pedro, se intensifica la preocupaci\u00f3n por los posibles riesgos que la falta de acci\u00f3n podr\u00eda acarrear para la salud y el bienestar de la comunidad.<\/p>\n\n\n\n<p>Por \u00faltimo, se hace menci\u00f3n de un expediente en curso en la Comisi\u00f3n de Peticiones bajo el n\u00famero 4961\/23. Este expediente contempla la posibilidad de ceder en comodato a SENASA una parcela de 300 metros cuadrados que linda con el Jard\u00edn Frutillitas, dentro del mismo predio municipal de la ex planta depuradora. Esta informaci\u00f3n subraya la necesidad de una pronta resoluci\u00f3n para garantizar la seguridad y el futuro de la comunidad en este entorno.<\/p>\n\n\n\n<p>En resumen, los concejales Gerardo Pelletier y Vanina Cappelletti, en representaci\u00f3n del bloque Juntos Pro, est\u00e1n impulsando una resoluci\u00f3n urgente que busca abordar la cr\u00edtica situaci\u00f3n de la ex planta depuradora de San Pedro. A trav\u00e9s de este proyecto, buscan la ejecuci\u00f3n de medidas de desinfecci\u00f3n y limpieza, as\u00ed como la exploraci\u00f3n de soluciones efectivas para el tratamiento de residuos cloacales y la protecci\u00f3n del medio ambiente. Esta iniciativa refleja su compromiso con la comunidad y su firme voluntad de abordar un problema de larga data en beneficio de todos los habitantes de San Pedro.<\/p>\n","protected":false},"excerpt":{"rendered":"<p>En una acci\u00f3n conjunta, los concejales Gerardo Pelletier y Vanina Cappelletti, pertenecientes al bloque Juntos Pro, han presentado un proyecto de resoluci\u00f3n que demanda al Departamento Ejecutivo de la ciudad de San Pedro que lleve a cabo medidas inmediatas de desinfecci\u00f3n y limpieza en el predio municipal de la ex planta depuradora. Adem\u00e1s de esta [&hellip;]<\/p>\n","protected":false},"author":4,"featured_media":116808,"comment_status":"closed","ping_status":"closed","sticky":false,"template":"","format":"standard","meta":{"om_disable_all_campaigns":false,"_jetpack_memberships_contains_paid_content":false,"footnotes":""},"categories":[50,101,2],"tags":[197,696,33,19],"class_list":["post-121174","post","type-post","status-publish","format-standard","has-post-thumbnail","hentry","category-destacadas","category-interes-general-locales","category-locales","tag-buenos-aires","tag-interes-general","tag-locales","tag-san-pedro"],"aioseo_notices":[],"gutentor_comment":0,"jetpack_featured_media_url":"https:\/\/eldiariodesanpedro.com.ar\/sitio\/wp-content\/uploads\/2023\/04\/WhatsApp-Image-2023-04-10-at-21.04.07-2.jpeg","jetpack_shortlink":"https:\/\/wp.me\/p6RhLt-vwq","jetpack_sharing_enabled":true,"_links":{"self":[{"href":"https:\/\/eldiariodesanpedro.com.ar\/sitio\/wp-json\/wp\/v2\/posts\/121174","targetHints":{"allow":["GET"]}}],"collection":[{"href":"https:\/\/eldiariodesanpedro.com.ar\/sitio\/wp-json\/wp\/v2\/posts"}],"about":[{"href":"https:\/\/eldiariodesanpedro.com.ar\/sitio\/wp-json\/wp\/v2\/types\/post"}],"author":[{"embeddable":true,"href":"https:\/\/eldiariodesanpedro.com.ar\/sitio\/wp-json\/wp\/v2\/users\/4"}],"replies":[{"embeddable":true,"href":"https:\/\/eldiariodesanpedro.com.ar\/sitio\/wp-json\/wp\/v2\/comments?post=121174"}],"version-history":[{"count":1,"href":"https:\/\/eldiariodesanpedro.com.ar\/sitio\/wp-json\/wp\/v2\/posts\/121174\/revisions"}],"predecessor-version":[{"id":121175,"href":"https:\/\/eldiariodesanpedro.com.ar\/sitio\/wp-json\/wp\/v2\/posts\/121174\/revisions\/121175"}],"wp:featuredmedia":[{"embeddable":true,"href":"https:\/\/eldiariodesanpedro.com.ar\/sitio\/wp-json\/wp\/v2\/media\/116808"}],"wp:attachment":[{"href":"https:\/\/eldiariodesanpedro.com.ar\/sitio\/wp-json\/wp\/v2\/media?parent=121174"}],"wp:term":[{"taxonomy":"category","embeddable":true,"href":"https:\/\/eldiariodesanpedro.com.ar\/sitio\/wp-json\/wp\/v2\/categories?post=121174"},{"taxonomy":"post_tag","embeddable":true,"href":"https:\/\/eldiariodesanpedro.com.ar\/sitio\/wp-json\/wp\/v2\/tags?post=121174"}],"curies":[{"name":"wp","href":"https:\/\/api.w.org\/{rel}","templated":true}]}}