{"id":121171,"date":"2023-08-08T20:37:20","date_gmt":"2023-08-08T23:37:20","guid":{"rendered":"https:\/\/eldiariodesanpedro.com.ar\/sitio\/?p=121171"},"modified":"2023-08-08T20:37:21","modified_gmt":"2023-08-08T23:37:21","slug":"robaron-una-moto-de-la-vereda-de-la-escuela-industrial","status":"publish","type":"post","link":"https:\/\/eldiariodesanpedro.com.ar\/sitio\/robaron-una-moto-de-la-vereda-de-la-escuela-industrial\/","title":{"rendered":"Robaron una moto de la vereda de la Escuela Industrial"},"content":{"rendered":"<!-- VideographyWP Plugin Message: Automatic video embedding prevented by plugin options. -->\n\n<p>El il\u00edcito se produjo ayer en calle Uruguay al 1000 en las inmediaciones de la Escuela Industrial. Un hombre de 53 a\u00f1os present\u00f3 una denuncia en la que detall\u00f3 c\u00f3mo su motocicleta fue sustra\u00edda mientras se encontraba estacionada en el cord\u00f3n.<\/p>\n\n\n\n<p>La v\u00edctima relat\u00f3 que, en la jornada en cuesti\u00f3n, hab\u00eda dejado el rodado, identificado como una HONDA XR 125, estacionada frente a la mencionada instituci\u00f3n educativa. Luego ingres\u00f3 a la vivienda de un conocido para atender asuntos personales. Sin embargo, al regresar a la ubicaci\u00f3n donde hab\u00eda dejado su motocicleta, se encontr\u00f3 con una desagradable sorpresa. El hombre descubri\u00f3 que autores desconocidos hab\u00edan aprovechado su ausencia para sustraer su rodado de manera il\u00edcita.<\/p>\n\n\n\n<p>La Unidad Fiscal de Instrucci\u00f3n N\u00b011 asumi\u00f3 el caso, y se espera que su investigaci\u00f3n arroje luz sobre los autores detr\u00e1s de este acto de hurto.<\/p>\n\n\n\n<p><a href=\"https:\/\/canalwebsanpedro.com.ar\/robaron-una-moto-de-la-vereda-de-la-escuela-industrial-2\/\"><\/a><\/p>\n","protected":false},"excerpt":{"rendered":"<p>El il\u00edcito se produjo ayer en calle Uruguay al 1000 en las inmediaciones de la Escuela Industrial. Un hombre de 53 a\u00f1os present\u00f3 una denuncia en la que detall\u00f3 c\u00f3mo su motocicleta fue sustra\u00edda mientras se encontraba estacionada en el cord\u00f3n. La v\u00edctima relat\u00f3 que, en la jornada en cuesti\u00f3n, hab\u00eda dejado el rodado, identificado [&hellip;]<\/p>\n","protected":false},"author":4,"featured_media":121172,"comment_status":"closed","ping_status":"closed","sticky":false,"template":"","format":"standard","meta":{"om_disable_all_campaigns":false,"_jetpack_memberships_contains_paid_content":false,"footnotes":""},"categories":[50,101,2],"tags":[197,696,33,19],"class_list":["post-121171","post","type-post","status-publish","format-standard","has-post-thumbnail","hentry","category-destacadas","category-interes-general-locales","category-locales","tag-buenos-aires","tag-interes-general","tag-locales","tag-san-pedro"],"aioseo_notices":[],"gutentor_comment":0,"jetpack_featured_media_url":"https:\/\/eldiariodesanpedro.com.ar\/sitio\/wp-content\/uploads\/2023\/08\/escuela-industrial-e1476821954920.jpg","jetpack_shortlink":"https:\/\/wp.me\/p6RhLt-vwn","jetpack_sharing_enabled":true,"_links":{"self":[{"href":"https:\/\/eldiariodesanpedro.com.ar\/sitio\/wp-json\/wp\/v2\/posts\/121171","targetHints":{"allow":["GET"]}}],"collection":[{"href":"https:\/\/eldiariodesanpedro.com.ar\/sitio\/wp-json\/wp\/v2\/posts"}],"about":[{"href":"https:\/\/eldiariodesanpedro.com.ar\/sitio\/wp-json\/wp\/v2\/types\/post"}],"author":[{"embeddable":true,"href":"https:\/\/eldiariodesanpedro.com.ar\/sitio\/wp-json\/wp\/v2\/users\/4"}],"replies":[{"embeddable":true,"href":"https:\/\/eldiariodesanpedro.com.ar\/sitio\/wp-json\/wp\/v2\/comments?post=121171"}],"version-history":[{"count":1,"href":"https:\/\/eldiariodesanpedro.com.ar\/sitio\/wp-json\/wp\/v2\/posts\/121171\/revisions"}],"predecessor-version":[{"id":121173,"href":"https:\/\/eldiariodesanpedro.com.ar\/sitio\/wp-json\/wp\/v2\/posts\/121171\/revisions\/121173"}],"wp:featuredmedia":[{"embeddable":true,"href":"https:\/\/eldiariodesanpedro.com.ar\/sitio\/wp-json\/wp\/v2\/media\/121172"}],"wp:attachment":[{"href":"https:\/\/eldiariodesanpedro.com.ar\/sitio\/wp-json\/wp\/v2\/media?parent=121171"}],"wp:term":[{"taxonomy":"category","embeddable":true,"href":"https:\/\/eldiariodesanpedro.com.ar\/sitio\/wp-json\/wp\/v2\/categories?post=121171"},{"taxonomy":"post_tag","embeddable":true,"href":"https:\/\/eldiariodesanpedro.com.ar\/sitio\/wp-json\/wp\/v2\/tags?post=121171"}],"curies":[{"name":"wp","href":"https:\/\/api.w.org\/{rel}","templated":true}]}}