{"id":12117,"date":"2016-12-29T19:50:51","date_gmt":"2016-12-29T22:50:51","guid":{"rendered":"https:\/\/eldiariodesanpedro.com.ar\/sitio\/?p=12117"},"modified":"2016-12-29T19:50:51","modified_gmt":"2016-12-29T22:50:51","slug":"detuvieron-a-5-personas-en-una-gresca-entre-bandas","status":"publish","type":"post","link":"https:\/\/eldiariodesanpedro.com.ar\/sitio\/detuvieron-a-5-personas-en-una-gresca-entre-bandas\/","title":{"rendered":"Detuvieron a 5 personas en una gresca entre bandas"},"content":{"rendered":"<p><!-- VideographyWP Plugin Message: Automatic video embedding prevented by plugin options. --><br \/>\nEn la ma\u00f1ana de hoy, se origin\u00f3 una pelea entre dos bandos que se pugnaban para obtener el control del barrio FONAVI 1. Seg\u00fan comentaron los vecinos, desde horas de la madrugada que hab\u00eda empezado esta ri\u00f1a. Se pudieron escuchar disparos, adem\u00e1s de ladrillazos y palazos.<\/p>\n<p>La situaci\u00f3n fue de tal gravedad que en el Estadio municipal, donde se estaba llevando a cabo el programa Escuelas Abiertas en Verano, cientos de ni\u00f1os debieron ser evacuados porque el problema estaba ocurriendo a pocos metros de all\u00ed.<\/p>\n<p>Cerca de las 11.00, la polic\u00eda tuvo que intervenir y detener a varios de los protagonistas, m\u00e1s precisamente a 5 individuos mayores de edad, quienes quedaron a disposici\u00f3n de la UFI N\u00ba 7 imputados por \u201camenazas agravadas, lesiones, resistencia a la autoridad y da\u00f1os\u201d.<\/p>\n","protected":false},"excerpt":{"rendered":"<p>En la ma\u00f1ana de hoy, se origin\u00f3 una pelea entre dos bandos que se pugnaban para obtener el control del barrio FONAVI 1. Seg\u00fan comentaron los vecinos, desde horas de la madrugada que hab\u00eda empezado esta ri\u00f1a. Se pudieron escuchar disparos, adem\u00e1s de ladrillazos y palazos. La situaci\u00f3n fue de tal gravedad que en el [&hellip;]<\/p>\n","protected":false},"author":4,"featured_media":12118,"comment_status":"open","ping_status":"closed","sticky":false,"template":"","format":"standard","meta":{"om_disable_all_campaigns":false,"_jetpack_memberships_contains_paid_content":false,"footnotes":""},"categories":[50,2,103],"tags":[],"class_list":["post-12117","post","type-post","status-publish","format-standard","has-post-thumbnail","hentry","category-destacadas","category-locales","category-policiales-locales"],"aioseo_notices":[],"gutentor_comment":0,"jetpack_featured_media_url":"https:\/\/eldiariodesanpedro.com.ar\/sitio\/wp-content\/uploads\/2016\/12\/PAGINA-3-2.jpg","jetpack_shortlink":"https:\/\/wp.me\/p6RhLt-39r","jetpack_sharing_enabled":true,"_links":{"self":[{"href":"https:\/\/eldiariodesanpedro.com.ar\/sitio\/wp-json\/wp\/v2\/posts\/12117","targetHints":{"allow":["GET"]}}],"collection":[{"href":"https:\/\/eldiariodesanpedro.com.ar\/sitio\/wp-json\/wp\/v2\/posts"}],"about":[{"href":"https:\/\/eldiariodesanpedro.com.ar\/sitio\/wp-json\/wp\/v2\/types\/post"}],"author":[{"embeddable":true,"href":"https:\/\/eldiariodesanpedro.com.ar\/sitio\/wp-json\/wp\/v2\/users\/4"}],"replies":[{"embeddable":true,"href":"https:\/\/eldiariodesanpedro.com.ar\/sitio\/wp-json\/wp\/v2\/comments?post=12117"}],"version-history":[{"count":1,"href":"https:\/\/eldiariodesanpedro.com.ar\/sitio\/wp-json\/wp\/v2\/posts\/12117\/revisions"}],"predecessor-version":[{"id":12119,"href":"https:\/\/eldiariodesanpedro.com.ar\/sitio\/wp-json\/wp\/v2\/posts\/12117\/revisions\/12119"}],"wp:featuredmedia":[{"embeddable":true,"href":"https:\/\/eldiariodesanpedro.com.ar\/sitio\/wp-json\/wp\/v2\/media\/12118"}],"wp:attachment":[{"href":"https:\/\/eldiariodesanpedro.com.ar\/sitio\/wp-json\/wp\/v2\/media?parent=12117"}],"wp:term":[{"taxonomy":"category","embeddable":true,"href":"https:\/\/eldiariodesanpedro.com.ar\/sitio\/wp-json\/wp\/v2\/categories?post=12117"},{"taxonomy":"post_tag","embeddable":true,"href":"https:\/\/eldiariodesanpedro.com.ar\/sitio\/wp-json\/wp\/v2\/tags?post=12117"}],"curies":[{"name":"wp","href":"https:\/\/api.w.org\/{rel}","templated":true}]}}