{"id":121166,"date":"2023-08-08T19:49:16","date_gmt":"2023-08-08T22:49:16","guid":{"rendered":"https:\/\/eldiariodesanpedro.com.ar\/sitio\/?p=121166"},"modified":"2023-08-08T19:49:18","modified_gmt":"2023-08-08T22:49:18","slug":"inta-san-pedro-inicia-el-monitoreo-de-heladas-sin-registros-de-temperaturas-bajo-cero","status":"publish","type":"post","link":"https:\/\/eldiariodesanpedro.com.ar\/sitio\/inta-san-pedro-inicia-el-monitoreo-de-heladas-sin-registros-de-temperaturas-bajo-cero\/","title":{"rendered":"INTA San Pedro inicia el monitoreo de heladas: sin registros de temperaturas bajo cero"},"content":{"rendered":"<!-- VideographyWP Plugin Message: Automatic video embedding prevented by plugin options. -->\n\n<p>Como parte de su compromiso anual con los productores agr\u00edcolas, el Instituto Nacional de Tecnolog\u00eda Agropecuaria (INTA) en San Pedro ha implementado nuevamente su Sistema de Alarma de Control de Heladas. En esta ocasi\u00f3n, el servicio ha concluido con \u00e9xito, destacando la ausencia de valores de temperatura por debajo de cero grados.<\/p>\n\n\n\n<p>El Primer Servicio de Alarma para el Control de Heladas del INTA San Pedro fue concluido a las 6 de la ma\u00f1ana del martes 8 de agosto. A pesar de las bajas temperaturas registradas durante toda la noche, la brisa constante, que mantuvo una velocidad promedio de 4 km\/h, contribuy\u00f3 a evitar que se alcanzaran valores negativos en la temperatura.<\/p>\n\n\n\n<p>Seg\u00fan los informes, la temperatura m\u00ednima registrada fue de 2,1\u00b0C a las 4 de la madrugada en la estaci\u00f3n meteorol\u00f3gica ubicada en la Ruta 9, km 170. Es importante destacar que, hasta la salida del sol, podr\u00edan producirse descensos a\u00fan m\u00e1s notables en la temperatura, especialmente si la velocidad del viento disminuye.<\/p>\n\n\n\n<p>Los datos detallados, incluyendo gr\u00e1ficos de temperatura a 1.5 metros y la velocidad del viento, pueden ser consultados en l\u00ednea a trav\u00e9s del siguiente enlace: <a href=\"https:\/\/bit.ly\/SACH2023_080823\">https:\/\/bit.ly\/SACH2023_080823<\/a>.<\/p>\n\n\n\n<p>El INTA San Pedro contin\u00faa desempe\u00f1ando un papel crucial en la protecci\u00f3n de los cultivos locales al proporcionar herramientas y servicios de monitoreo de condiciones clim\u00e1ticas adversas. El \u00e9xito del sistema de alarma para el control de heladas este a\u00f1o demuestra una vez m\u00e1s el compromiso de la instituci\u00f3n en apoyar a la comunidad agr\u00edcola en la prevenci\u00f3n de p\u00e9rdidas debido a condiciones clim\u00e1ticas extremas.<\/p>\n\n\n\n<p>Para m\u00e1s informaci\u00f3n sobre los servicios y recursos ofrecidos por el INTA San Pedro, se puede visitar su sitio web oficial o ponerse en contacto directo con sus representantes.<\/p>\n\n\n\n<figure class=\"wp-block-image size-full is-resized\"><img decoding=\"async\" data-attachment-id=\"121169\" data-permalink=\"https:\/\/eldiariodesanpedro.com.ar\/sitio\/inta-san-pedro-inicia-el-monitoreo-de-heladas-sin-registros-de-temperaturas-bajo-cero\/descarga-110\/\" data-orig-file=\"https:\/\/eldiariodesanpedro.com.ar\/sitio\/wp-content\/uploads\/2023\/08\/descarga.jpg\" data-orig-size=\"810,630\" data-comments-opened=\"0\" data-image-meta=\"{&quot;aperture&quot;:&quot;0&quot;,&quot;credit&quot;:&quot;&quot;,&quot;camera&quot;:&quot;&quot;,&quot;caption&quot;:&quot;&quot;,&quot;created_timestamp&quot;:&quot;0&quot;,&quot;copyright&quot;:&quot;&quot;,&quot;focal_length&quot;:&quot;0&quot;,&quot;iso&quot;:&quot;0&quot;,&quot;shutter_speed&quot;:&quot;0&quot;,&quot;title&quot;:&quot;&quot;,&quot;orientation&quot;:&quot;0&quot;}\" data-image-title=\"descarga\" data-image-description=\"\" data-image-caption=\"\" data-large-file=\"https:\/\/eldiariodesanpedro.com.ar\/sitio\/wp-content\/uploads\/2023\/08\/descarga.jpg\" data-src=\"https:\/\/eldiariodesanpedro.com.ar\/sitio\/wp-content\/uploads\/2023\/08\/descarga.jpg\" alt=\"\" class=\"wp-image-121169 lazyload\" width=\"810\" height=\"630\" data-srcset=\"https:\/\/eldiariodesanpedro.com.ar\/sitio\/wp-content\/uploads\/2023\/08\/descarga.jpg 810w, https:\/\/eldiariodesanpedro.com.ar\/sitio\/wp-content\/uploads\/2023\/08\/descarga-300x233.jpg 300w, https:\/\/eldiariodesanpedro.com.ar\/sitio\/wp-content\/uploads\/2023\/08\/descarga-768x597.jpg 768w\" data-sizes=\"(max-width: 810px) 100vw, 810px\" src=\"data:image\/svg+xml;base64,PHN2ZyB3aWR0aD0iMSIgaGVpZ2h0PSIxIiB4bWxucz0iaHR0cDovL3d3dy53My5vcmcvMjAwMC9zdmciPjwvc3ZnPg==\" style=\"--smush-placeholder-width: 810px; --smush-placeholder-aspect-ratio: 810\/630;\" \/><\/figure>\n\n\n\n<figure class=\"wp-block-image size-full\"><img decoding=\"async\" width=\"745\" height=\"630\" data-attachment-id=\"121168\" data-permalink=\"https:\/\/eldiariodesanpedro.com.ar\/sitio\/inta-san-pedro-inicia-el-monitoreo-de-heladas-sin-registros-de-temperaturas-bajo-cero\/descarga-1-29\/\" data-orig-file=\"https:\/\/eldiariodesanpedro.com.ar\/sitio\/wp-content\/uploads\/2023\/08\/descarga-1.jpg\" data-orig-size=\"745,630\" data-comments-opened=\"0\" data-image-meta=\"{&quot;aperture&quot;:&quot;0&quot;,&quot;credit&quot;:&quot;&quot;,&quot;camera&quot;:&quot;&quot;,&quot;caption&quot;:&quot;&quot;,&quot;created_timestamp&quot;:&quot;0&quot;,&quot;copyright&quot;:&quot;&quot;,&quot;focal_length&quot;:&quot;0&quot;,&quot;iso&quot;:&quot;0&quot;,&quot;shutter_speed&quot;:&quot;0&quot;,&quot;title&quot;:&quot;&quot;,&quot;orientation&quot;:&quot;0&quot;}\" data-image-title=\"descarga (1)\" data-image-description=\"\" data-image-caption=\"\" data-large-file=\"https:\/\/eldiariodesanpedro.com.ar\/sitio\/wp-content\/uploads\/2023\/08\/descarga-1.jpg\" data-src=\"https:\/\/eldiariodesanpedro.com.ar\/sitio\/wp-content\/uploads\/2023\/08\/descarga-1.jpg\" alt=\"\" class=\"wp-image-121168 lazyload\" data-srcset=\"https:\/\/eldiariodesanpedro.com.ar\/sitio\/wp-content\/uploads\/2023\/08\/descarga-1.jpg 745w, https:\/\/eldiariodesanpedro.com.ar\/sitio\/wp-content\/uploads\/2023\/08\/descarga-1-300x254.jpg 300w\" data-sizes=\"(max-width: 745px) 100vw, 745px\" src=\"data:image\/svg+xml;base64,PHN2ZyB3aWR0aD0iMSIgaGVpZ2h0PSIxIiB4bWxucz0iaHR0cDovL3d3dy53My5vcmcvMjAwMC9zdmciPjwvc3ZnPg==\" style=\"--smush-placeholder-width: 745px; --smush-placeholder-aspect-ratio: 745\/630;\" \/><\/figure>\n","protected":false},"excerpt":{"rendered":"<p>Como parte de su compromiso anual con los productores agr\u00edcolas, el Instituto Nacional de Tecnolog\u00eda Agropecuaria (INTA) en San Pedro ha implementado nuevamente su Sistema de Alarma de Control de Heladas. En esta ocasi\u00f3n, el servicio ha concluido con \u00e9xito, destacando la ausencia de valores de temperatura por debajo de cero grados. El Primer Servicio [&hellip;]<\/p>\n","protected":false},"author":4,"featured_media":121167,"comment_status":"closed","ping_status":"closed","sticky":false,"template":"","format":"standard","meta":{"om_disable_all_campaigns":false,"_jetpack_memberships_contains_paid_content":false,"footnotes":""},"categories":[50,101,2],"tags":[197,696,33,19],"class_list":["post-121166","post","type-post","status-publish","format-standard","has-post-thumbnail","hentry","category-destacadas","category-interes-general-locales","category-locales","tag-buenos-aires","tag-interes-general","tag-locales","tag-san-pedro"],"aioseo_notices":[],"gutentor_comment":0,"jetpack_featured_media_url":"https:\/\/eldiariodesanpedro.com.ar\/sitio\/wp-content\/uploads\/2023\/08\/0000022068-resized-1920x1080-1.jpg","jetpack_shortlink":"https:\/\/wp.me\/p6RhLt-vwi","jetpack_sharing_enabled":true,"_links":{"self":[{"href":"https:\/\/eldiariodesanpedro.com.ar\/sitio\/wp-json\/wp\/v2\/posts\/121166","targetHints":{"allow":["GET"]}}],"collection":[{"href":"https:\/\/eldiariodesanpedro.com.ar\/sitio\/wp-json\/wp\/v2\/posts"}],"about":[{"href":"https:\/\/eldiariodesanpedro.com.ar\/sitio\/wp-json\/wp\/v2\/types\/post"}],"author":[{"embeddable":true,"href":"https:\/\/eldiariodesanpedro.com.ar\/sitio\/wp-json\/wp\/v2\/users\/4"}],"replies":[{"embeddable":true,"href":"https:\/\/eldiariodesanpedro.com.ar\/sitio\/wp-json\/wp\/v2\/comments?post=121166"}],"version-history":[{"count":1,"href":"https:\/\/eldiariodesanpedro.com.ar\/sitio\/wp-json\/wp\/v2\/posts\/121166\/revisions"}],"predecessor-version":[{"id":121170,"href":"https:\/\/eldiariodesanpedro.com.ar\/sitio\/wp-json\/wp\/v2\/posts\/121166\/revisions\/121170"}],"wp:featuredmedia":[{"embeddable":true,"href":"https:\/\/eldiariodesanpedro.com.ar\/sitio\/wp-json\/wp\/v2\/media\/121167"}],"wp:attachment":[{"href":"https:\/\/eldiariodesanpedro.com.ar\/sitio\/wp-json\/wp\/v2\/media?parent=121166"}],"wp:term":[{"taxonomy":"category","embeddable":true,"href":"https:\/\/eldiariodesanpedro.com.ar\/sitio\/wp-json\/wp\/v2\/categories?post=121166"},{"taxonomy":"post_tag","embeddable":true,"href":"https:\/\/eldiariodesanpedro.com.ar\/sitio\/wp-json\/wp\/v2\/tags?post=121166"}],"curies":[{"name":"wp","href":"https:\/\/api.w.org\/{rel}","templated":true}]}}