{"id":121163,"date":"2023-08-08T19:41:06","date_gmt":"2023-08-08T22:41:06","guid":{"rendered":"https:\/\/eldiariodesanpedro.com.ar\/sitio\/?p=121163"},"modified":"2023-08-08T19:41:08","modified_gmt":"2023-08-08T22:41:08","slug":"charla-gratuita-sobre-lactancia-materna-en-el-hospital-privado-sadiv","status":"publish","type":"post","link":"https:\/\/eldiariodesanpedro.com.ar\/sitio\/charla-gratuita-sobre-lactancia-materna-en-el-hospital-privado-sadiv\/","title":{"rendered":"Charla gratuita sobre lactancia materna en el Hospital Privado SADIV"},"content":{"rendered":"<!-- VideographyWP Plugin Message: Automatic video embedding prevented by plugin options. -->\n\n<p>En sinton\u00eda con su compromiso de promover la salud y el bienestar en la comunidad, el Hospital Privado SADIV entrega una nueva edici\u00f3n de su destacado ciclo de charlas abiertas. En esta ocasi\u00f3n, y en el marco de la Semana de la Lactancia, la instituci\u00f3n ofrece un espacio imperdible para explorar a fondo la lactancia materna y sus facetas.<\/p>\n\n\n\n<p>El evento presencial, programado para el jueves 10 de agosto a las 18:30 horas, tendr\u00e1 lugar en el auditorio de sus instalaciones, brindando a los asistentes una oportunidad \u00fanica para adentrarse en los matices de la lactancia, desmitificando ideas err\u00f3neas y brindando respuestas fundamentadas. La Dra. Romina Baquin, reconocida Pediatra y Puericultora, ser\u00e1 la experta a cargo de liderar esta enriquecedora experiencia.<\/p>\n\n\n\n<p>La jornada se concentrar\u00e1 en explorar tanto los mitos como las realidades que rodean la lactancia materna, ofreciendo una perspectiva s\u00f3lida respaldada por la investigaci\u00f3n y la experiencia. Adem\u00e1s, se abordar\u00e1n temas cruciales como el destete, posibles dificultades y soluciones efectivas.<\/p>\n\n\n\n<p>La participaci\u00f3n es gratuita, pero se requiere inscripci\u00f3n previa. Para asegurar su lugar en esta oportunidad educativa, los interesados deben enviar un mensaje de WhatsApp al n\u00famero (3329) 602312, indicando su inter\u00e9s y asegurando su espacio en la charla.<\/p>\n","protected":false},"excerpt":{"rendered":"<p>En sinton\u00eda con su compromiso de promover la salud y el bienestar en la comunidad, el Hospital Privado SADIV entrega una nueva edici\u00f3n de su destacado ciclo de charlas abiertas. En esta ocasi\u00f3n, y en el marco de la Semana de la Lactancia, la instituci\u00f3n ofrece un espacio imperdible para explorar a fondo la lactancia [&hellip;]<\/p>\n","protected":false},"author":4,"featured_media":121164,"comment_status":"closed","ping_status":"closed","sticky":false,"template":"","format":"standard","meta":{"om_disable_all_campaigns":false,"_jetpack_memberships_contains_paid_content":false,"footnotes":""},"categories":[101,2],"tags":[197,696,33,19],"class_list":["post-121163","post","type-post","status-publish","format-standard","has-post-thumbnail","hentry","category-interes-general-locales","category-locales","tag-buenos-aires","tag-interes-general","tag-locales","tag-san-pedro"],"aioseo_notices":[],"gutentor_comment":0,"jetpack_featured_media_url":"https:\/\/eldiariodesanpedro.com.ar\/sitio\/wp-content\/uploads\/2023\/08\/medida-15.png","jetpack_shortlink":"https:\/\/wp.me\/p6RhLt-vwf","jetpack_sharing_enabled":true,"_links":{"self":[{"href":"https:\/\/eldiariodesanpedro.com.ar\/sitio\/wp-json\/wp\/v2\/posts\/121163","targetHints":{"allow":["GET"]}}],"collection":[{"href":"https:\/\/eldiariodesanpedro.com.ar\/sitio\/wp-json\/wp\/v2\/posts"}],"about":[{"href":"https:\/\/eldiariodesanpedro.com.ar\/sitio\/wp-json\/wp\/v2\/types\/post"}],"author":[{"embeddable":true,"href":"https:\/\/eldiariodesanpedro.com.ar\/sitio\/wp-json\/wp\/v2\/users\/4"}],"replies":[{"embeddable":true,"href":"https:\/\/eldiariodesanpedro.com.ar\/sitio\/wp-json\/wp\/v2\/comments?post=121163"}],"version-history":[{"count":1,"href":"https:\/\/eldiariodesanpedro.com.ar\/sitio\/wp-json\/wp\/v2\/posts\/121163\/revisions"}],"predecessor-version":[{"id":121165,"href":"https:\/\/eldiariodesanpedro.com.ar\/sitio\/wp-json\/wp\/v2\/posts\/121163\/revisions\/121165"}],"wp:featuredmedia":[{"embeddable":true,"href":"https:\/\/eldiariodesanpedro.com.ar\/sitio\/wp-json\/wp\/v2\/media\/121164"}],"wp:attachment":[{"href":"https:\/\/eldiariodesanpedro.com.ar\/sitio\/wp-json\/wp\/v2\/media?parent=121163"}],"wp:term":[{"taxonomy":"category","embeddable":true,"href":"https:\/\/eldiariodesanpedro.com.ar\/sitio\/wp-json\/wp\/v2\/categories?post=121163"},{"taxonomy":"post_tag","embeddable":true,"href":"https:\/\/eldiariodesanpedro.com.ar\/sitio\/wp-json\/wp\/v2\/tags?post=121163"}],"curies":[{"name":"wp","href":"https:\/\/api.w.org\/{rel}","templated":true}]}}