{"id":12115,"date":"2016-12-29T10:29:33","date_gmt":"2016-12-29T13:29:33","guid":{"rendered":"https:\/\/eldiariodesanpedro.com.ar\/sitio\/?p=12115"},"modified":"2016-12-29T10:29:33","modified_gmt":"2016-12-29T13:29:33","slug":"baradero-el-codigo-penal-establece-una-pena-de-3-a-10-anos","status":"publish","type":"post","link":"https:\/\/eldiariodesanpedro.com.ar\/sitio\/baradero-el-codigo-penal-establece-una-pena-de-3-a-10-anos\/","title":{"rendered":"Baradero: \u201cEl c\u00f3digo penal establece una pena de 3 a 10 a\u00f1os"},"content":{"rendered":"<p><!-- VideographyWP Plugin Message: Automatic video embedding prevented by plugin options. --><br \/>\nEl Comisario Diego Martinez, Jefe de la Polic\u00eda Comunal de Baradero , habl\u00f3 con BTI sobre el procedimiento llevado a cabo para aprehender a la pareja que ataba a su hijo de tres a\u00f1os para salir de la casa supuestamente de paseo.<\/p>\n<p>\u00bfC\u00f3mo toman conocimiento de este aberrante caso?<br \/>\n\u201cConcretamente en el d\u00eda de ayer se presenta una persona de sexo femenino en la comisaria de la mujer y la familia y radica una denuncia en donde concretamente refiere que una pareja compuesta por una mujer de 23 a\u00f1os y su concubino de 24 a\u00f1os cuando se retiraban de la vivienda dejaban a un peque\u00f1o de tres a\u00f1os atados de pies y manos en una cama. Algo terrible que inmediatamente motiv\u00f3 a que se comience previa consulta a la fiscal\u00eda y recibiendo las directivas del caso a recibir distintos testimonios para confirmar o desestimar esta informaci\u00f3n, todo lo que se labr\u00f3 en la comisaria de la mujer derivo a que efectivamente se compruebe la informaci\u00f3n recibida, por ese motivo se hace un trabajo arduo debido a que esta pareja se estaba mudando a otro domicilio, se logra ubicar la nueva morada y posteriormente el juzgado de garant\u00eda N\u00ba 3 ordena la detenci\u00f3n de esta pareja, como as\u00ed tambi\u00e9n el allanamiento de su casa en procura de obtener elemento de inter\u00e9s investigativo\u201c.<\/p>\n<p>\u00bfFueron aprehendidos?<br \/>\n\u201cLa detenci\u00f3n de ambos se efectiviza inmediatamente los mismos quedaron imputados de los delitos de abandono de persona agravado y privaci\u00f3n ilegal de la libertad en concurso real, contin\u00faan alojados en sede policial a disposici\u00f3n judicial y con respecto al peque\u00f1o, a la v\u00edctima de estos aberrantes hechos y su peque\u00f1o hermanito han quedado a disposici\u00f3n del servicio de promoci\u00f3n y protecci\u00f3n de los derechos del ni\u00f1o en el hogar del ni\u00f1o\u201d.<\/p>\n<p>\u00bfEsta pr\u00e1ctica tambi\u00e9n la realizaban con el nene de un a\u00f1o?<br \/>\n\u201cAparentemente el m\u00e1s peque\u00f1o no habr\u00eda sido pasible de este accionar por parte de esta persona, esta investigaci\u00f3n va a continuar y esperemos que eso confirme que no es as\u00ed y tambi\u00e9n que haya sido por \u00fanica vez, ser\u00eda lamentable que esto hubiera sido una pr\u00e1ctica normal, la verdad es que es preocupante\u201d.<\/p>\n<p>\u00bfQue condena establece el C\u00f3digo Penal para este accionar?<br \/>\n\u201cEl c\u00f3digo penal establece una pena de 3 a 10 a\u00f1os<ins datetime=\"2016-12-29T12:53:57+00:00\">, esto va a continuar, esto reci\u00e9n comienza y nosotros como auxiliares de la justicia vamos a seguir cumplimentando todas las diligencias que se ordenen, obviamente que los detenidos tienen su derecho a  defensa, van a ir a sede judicial donde prestar\u00e1n declaraci\u00f3n indagatoria conforme al art\u00edculo 308, por el momento es lo nosotros podemos mencionar en forma p\u00fablica\u201d<\/p>\n<p>Fuente: Baradero te informa (www.baraderoteinforma.com.ar) <\/p>\n","protected":false},"excerpt":{"rendered":"<p>El Comisario Diego Martinez, Jefe de la Polic\u00eda Comunal de Baradero , habl\u00f3 con BTI sobre el procedimiento llevado a cabo para aprehender a la pareja que ataba a su hijo de tres a\u00f1os para salir de la casa supuestamente de paseo. \u00bfC\u00f3mo toman conocimiento de este aberrante caso? \u201cConcretamente en el d\u00eda de ayer [&hellip;]<\/p>\n","protected":false},"author":4,"featured_media":12073,"comment_status":"open","ping_status":"closed","sticky":false,"template":"","format":"standard","meta":{"om_disable_all_campaigns":false,"_jetpack_memberships_contains_paid_content":false,"footnotes":""},"categories":[621],"tags":[],"class_list":["post-12115","post","type-post","status-publish","format-standard","has-post-thumbnail","hentry","category-regionales"],"aioseo_notices":[],"gutentor_comment":0,"jetpack_featured_media_url":"https:\/\/eldiariodesanpedro.com.ar\/sitio\/wp-content\/uploads\/2016\/12\/PAGINA-6.jpg","jetpack_shortlink":"https:\/\/wp.me\/p6RhLt-39p","jetpack_sharing_enabled":true,"_links":{"self":[{"href":"https:\/\/eldiariodesanpedro.com.ar\/sitio\/wp-json\/wp\/v2\/posts\/12115","targetHints":{"allow":["GET"]}}],"collection":[{"href":"https:\/\/eldiariodesanpedro.com.ar\/sitio\/wp-json\/wp\/v2\/posts"}],"about":[{"href":"https:\/\/eldiariodesanpedro.com.ar\/sitio\/wp-json\/wp\/v2\/types\/post"}],"author":[{"embeddable":true,"href":"https:\/\/eldiariodesanpedro.com.ar\/sitio\/wp-json\/wp\/v2\/users\/4"}],"replies":[{"embeddable":true,"href":"https:\/\/eldiariodesanpedro.com.ar\/sitio\/wp-json\/wp\/v2\/comments?post=12115"}],"version-history":[{"count":1,"href":"https:\/\/eldiariodesanpedro.com.ar\/sitio\/wp-json\/wp\/v2\/posts\/12115\/revisions"}],"predecessor-version":[{"id":12116,"href":"https:\/\/eldiariodesanpedro.com.ar\/sitio\/wp-json\/wp\/v2\/posts\/12115\/revisions\/12116"}],"wp:featuredmedia":[{"embeddable":true,"href":"https:\/\/eldiariodesanpedro.com.ar\/sitio\/wp-json\/wp\/v2\/media\/12073"}],"wp:attachment":[{"href":"https:\/\/eldiariodesanpedro.com.ar\/sitio\/wp-json\/wp\/v2\/media?parent=12115"}],"wp:term":[{"taxonomy":"category","embeddable":true,"href":"https:\/\/eldiariodesanpedro.com.ar\/sitio\/wp-json\/wp\/v2\/categories?post=12115"},{"taxonomy":"post_tag","embeddable":true,"href":"https:\/\/eldiariodesanpedro.com.ar\/sitio\/wp-json\/wp\/v2\/tags?post=12115"}],"curies":[{"name":"wp","href":"https:\/\/api.w.org\/{rel}","templated":true}]}}