{"id":12112,"date":"2016-12-29T09:49:59","date_gmt":"2016-12-29T12:49:59","guid":{"rendered":"https:\/\/eldiariodesanpedro.com.ar\/sitio\/?p=12112"},"modified":"2016-12-29T09:49:59","modified_gmt":"2016-12-29T12:49:59","slug":"comenzo-la-escuela-de-verano-municipal-201617","status":"publish","type":"post","link":"https:\/\/eldiariodesanpedro.com.ar\/sitio\/comenzo-la-escuela-de-verano-municipal-201617\/","title":{"rendered":"Comenz\u00f3 la escuela de verano municipal 2016\/17"},"content":{"rendered":"<p><!-- VideographyWP Plugin Message: Automatic video embedding prevented by plugin options. --><br \/>\nEl 19 de diciembre se puso en marcha la Escuela de Verano Municipal que coordinan integrantes de las Direcciones de Educaci\u00f3n, Cultura, Deportes y Turismo. Participanalumnos de las casas del Ni\u00f1o Paula Albarrac\u00edn; El Amanecer;  Jard\u00edn Santos Quir\u00f3s e Instituto Sarmiento.<\/p>\n<p>Entre las actividades que realizan se encuentran:<\/p>\n<p>*Recreativas a trav\u00e9s del juegos<\/p>\n<p>*Medio acu\u00e1tico: Se intenta que el ni\u00f1o se adapte a este medio involucr\u00e1ndolo en actividades l\u00fadicas donde aprenda a flotar y a trasladarse en el agua.<\/p>\n<p>*Pl\u00e1sticas: Se busca el desarrollo del ni\u00f1o a trav\u00e9s de las artes, mandalas, origamis, papercraft, dibujo libre, entre otras.<\/p>\n<p>*Paseos y visitas: Se le proporciona al ni\u00f1o una actividad en la cu\u00e1l a trav\u00e9s de salidas guiadas conozca y explore el patrimonio cultural e hist\u00f3rico de nuestra ciudad.<\/p>\n<p>*Cine con actividades de interpretaci\u00f3n.<\/p>\n","protected":false},"excerpt":{"rendered":"<p>El 19 de diciembre se puso en marcha la Escuela de Verano Municipal que coordinan integrantes de las Direcciones de Educaci\u00f3n, Cultura, Deportes y Turismo. Participanalumnos de las casas del Ni\u00f1o Paula Albarrac\u00edn; El Amanecer; Jard\u00edn Santos Quir\u00f3s e Instituto Sarmiento. Entre las actividades que realizan se encuentran: *Recreativas a trav\u00e9s del juegos *Medio acu\u00e1tico: [&hellip;]<\/p>\n","protected":false},"author":4,"featured_media":12113,"comment_status":"open","ping_status":"closed","sticky":false,"template":"","format":"standard","meta":{"om_disable_all_campaigns":false,"_jetpack_memberships_contains_paid_content":false,"footnotes":""},"categories":[50,101,2],"tags":[],"class_list":["post-12112","post","type-post","status-publish","format-standard","has-post-thumbnail","hentry","category-destacadas","category-interes-general-locales","category-locales"],"aioseo_notices":[],"gutentor_comment":0,"jetpack_featured_media_url":"https:\/\/eldiariodesanpedro.com.ar\/sitio\/wp-content\/uploads\/2016\/12\/Colonia3.jpg","jetpack_shortlink":"https:\/\/wp.me\/p6RhLt-39m","jetpack_sharing_enabled":true,"_links":{"self":[{"href":"https:\/\/eldiariodesanpedro.com.ar\/sitio\/wp-json\/wp\/v2\/posts\/12112","targetHints":{"allow":["GET"]}}],"collection":[{"href":"https:\/\/eldiariodesanpedro.com.ar\/sitio\/wp-json\/wp\/v2\/posts"}],"about":[{"href":"https:\/\/eldiariodesanpedro.com.ar\/sitio\/wp-json\/wp\/v2\/types\/post"}],"author":[{"embeddable":true,"href":"https:\/\/eldiariodesanpedro.com.ar\/sitio\/wp-json\/wp\/v2\/users\/4"}],"replies":[{"embeddable":true,"href":"https:\/\/eldiariodesanpedro.com.ar\/sitio\/wp-json\/wp\/v2\/comments?post=12112"}],"version-history":[{"count":1,"href":"https:\/\/eldiariodesanpedro.com.ar\/sitio\/wp-json\/wp\/v2\/posts\/12112\/revisions"}],"predecessor-version":[{"id":12114,"href":"https:\/\/eldiariodesanpedro.com.ar\/sitio\/wp-json\/wp\/v2\/posts\/12112\/revisions\/12114"}],"wp:featuredmedia":[{"embeddable":true,"href":"https:\/\/eldiariodesanpedro.com.ar\/sitio\/wp-json\/wp\/v2\/media\/12113"}],"wp:attachment":[{"href":"https:\/\/eldiariodesanpedro.com.ar\/sitio\/wp-json\/wp\/v2\/media?parent=12112"}],"wp:term":[{"taxonomy":"category","embeddable":true,"href":"https:\/\/eldiariodesanpedro.com.ar\/sitio\/wp-json\/wp\/v2\/categories?post=12112"},{"taxonomy":"post_tag","embeddable":true,"href":"https:\/\/eldiariodesanpedro.com.ar\/sitio\/wp-json\/wp\/v2\/tags?post=12112"}],"curies":[{"name":"wp","href":"https:\/\/api.w.org\/{rel}","templated":true}]}}