{"id":121076,"date":"2023-08-03T20:58:20","date_gmt":"2023-08-03T23:58:20","guid":{"rendered":"https:\/\/eldiariodesanpedro.com.ar\/sitio\/?p=121076"},"modified":"2023-08-03T20:58:21","modified_gmt":"2023-08-03T23:58:21","slug":"la-veda-electoral-para-las-paso-comenzara-el-viernes-11-desde-las-8-de-la-manana","status":"publish","type":"post","link":"https:\/\/eldiariodesanpedro.com.ar\/sitio\/la-veda-electoral-para-las-paso-comenzara-el-viernes-11-desde-las-8-de-la-manana\/","title":{"rendered":"La veda electoral para las PASO comenzara el viernes 11 desde las 8 de la ma\u00f1ana"},"content":{"rendered":"<!-- VideographyWP Plugin Message: Automatic video embedding prevented by plugin options. -->\n\n<p>La veda electoral para las PASO nacionales 2023 comienza el viernes 11 de agosto a las 8 de la ma\u00f1ana. Desde entonces y hasta las 21 horas del domingo 13 de agosto, tres horas despu\u00e9s del cierre de los comicios, hay una serie de actividades que quedan prohibidas.<\/p>\n\n\n\n<p>Entre las prohibiciones durante la veda electoral se encuentran: las reuniones de electores y el dep\u00f3sito de armas en casas dentro de un radio de ochenta metros alrededor de los lugares de votaci\u00f3n; los espect\u00e1culos, fiestas teatrales, actividades deportivas y cualquier reuni\u00f3n p\u00fablica que no se refiera al acto electoral; el expendio de cualquier clase de bebidas alcoh\u00f3licas; ofrecer o entregar boletas de sufragio dentro de un radio de ochenta metros de los lugares de votaci\u00f3n; la portaci\u00f3n de armas, el uso de banderas, divisas u otros distintivos; realizar actos p\u00fablicos de proselitismo; publicar y difundir encuestas y sondeos preelectorales y proyecciones sobre el resultado; y abrir los locales partidarios ubicados dentro de un radio de ochenta metros de los lugares de votaci\u00f3n.<\/p>\n","protected":false},"excerpt":{"rendered":"<p>La veda electoral para las PASO nacionales 2023 comienza el viernes 11 de agosto a las 8 de la ma\u00f1ana. Desde entonces y hasta las 21 horas del domingo 13 de agosto, tres horas despu\u00e9s del cierre de los comicios, hay una serie de actividades que quedan prohibidas. Entre las prohibiciones durante la veda electoral [&hellip;]<\/p>\n","protected":false},"author":4,"featured_media":57863,"comment_status":"closed","ping_status":"closed","sticky":false,"template":"","format":"standard","meta":{"om_disable_all_campaigns":false,"_jetpack_memberships_contains_paid_content":false,"footnotes":""},"categories":[50,101,2],"tags":[],"class_list":["post-121076","post","type-post","status-publish","format-standard","has-post-thumbnail","hentry","category-destacadas","category-interes-general-locales","category-locales"],"aioseo_notices":[],"gutentor_comment":0,"jetpack_featured_media_url":"https:\/\/eldiariodesanpedro.com.ar\/sitio\/wp-content\/uploads\/2019\/08\/20190808082210_elecciones-argentina.jpg","jetpack_shortlink":"https:\/\/wp.me\/p6RhLt-vuQ","jetpack_sharing_enabled":true,"_links":{"self":[{"href":"https:\/\/eldiariodesanpedro.com.ar\/sitio\/wp-json\/wp\/v2\/posts\/121076","targetHints":{"allow":["GET"]}}],"collection":[{"href":"https:\/\/eldiariodesanpedro.com.ar\/sitio\/wp-json\/wp\/v2\/posts"}],"about":[{"href":"https:\/\/eldiariodesanpedro.com.ar\/sitio\/wp-json\/wp\/v2\/types\/post"}],"author":[{"embeddable":true,"href":"https:\/\/eldiariodesanpedro.com.ar\/sitio\/wp-json\/wp\/v2\/users\/4"}],"replies":[{"embeddable":true,"href":"https:\/\/eldiariodesanpedro.com.ar\/sitio\/wp-json\/wp\/v2\/comments?post=121076"}],"version-history":[{"count":1,"href":"https:\/\/eldiariodesanpedro.com.ar\/sitio\/wp-json\/wp\/v2\/posts\/121076\/revisions"}],"predecessor-version":[{"id":121077,"href":"https:\/\/eldiariodesanpedro.com.ar\/sitio\/wp-json\/wp\/v2\/posts\/121076\/revisions\/121077"}],"wp:featuredmedia":[{"embeddable":true,"href":"https:\/\/eldiariodesanpedro.com.ar\/sitio\/wp-json\/wp\/v2\/media\/57863"}],"wp:attachment":[{"href":"https:\/\/eldiariodesanpedro.com.ar\/sitio\/wp-json\/wp\/v2\/media?parent=121076"}],"wp:term":[{"taxonomy":"category","embeddable":true,"href":"https:\/\/eldiariodesanpedro.com.ar\/sitio\/wp-json\/wp\/v2\/categories?post=121076"},{"taxonomy":"post_tag","embeddable":true,"href":"https:\/\/eldiariodesanpedro.com.ar\/sitio\/wp-json\/wp\/v2\/tags?post=121076"}],"curies":[{"name":"wp","href":"https:\/\/api.w.org\/{rel}","templated":true}]}}