{"id":12106,"date":"2016-12-29T08:58:46","date_gmt":"2016-12-29T11:58:46","guid":{"rendered":"https:\/\/eldiariodesanpedro.com.ar\/sitio\/?p=12106"},"modified":"2016-12-29T08:58:46","modified_gmt":"2016-12-29T11:58:46","slug":"otro-hecho-de-violencia-de-genero-esta-vez-en-rio-tala","status":"publish","type":"post","link":"https:\/\/eldiariodesanpedro.com.ar\/sitio\/otro-hecho-de-violencia-de-genero-esta-vez-en-rio-tala\/","title":{"rendered":"Otro hecho de violencia de genero, esta vez en R\u00edo Tala"},"content":{"rendered":"<p><!-- VideographyWP Plugin Message: Automatic video embedding prevented by plugin options. --><br \/>\nen el d\u00eda de ayer personal del destacamento de R\u00edo Tala procedi\u00f3 a la aprehensi\u00f3n de un hombre que se hallaba en su domicilio ocasionando disturbios y amenazando a su esposa y familia.<\/p>\n<p>Este sujeto permanece alojado hasta su traslado en la ma\u00f1ana de hoy a la sede judicial, interviene en la causa la Fiscal\u00eda N\u00ba 7.<\/p>\n","protected":false},"excerpt":{"rendered":"<p>en el d\u00eda de ayer personal del destacamento de R\u00edo Tala procedi\u00f3 a la aprehensi\u00f3n de un hombre que se hallaba en su domicilio ocasionando disturbios y amenazando a su esposa y familia. Este sujeto permanece alojado hasta su traslado en la ma\u00f1ana de hoy a la sede judicial, interviene en la causa la Fiscal\u00eda [&hellip;]<\/p>\n","protected":false},"author":4,"featured_media":3957,"comment_status":"open","ping_status":"closed","sticky":false,"template":"","format":"standard","meta":{"om_disable_all_campaigns":false,"_jetpack_memberships_contains_paid_content":false,"footnotes":""},"categories":[2,103],"tags":[],"class_list":["post-12106","post","type-post","status-publish","format-standard","has-post-thumbnail","hentry","category-locales","category-policiales-locales"],"aioseo_notices":[],"gutentor_comment":0,"jetpack_featured_media_url":"https:\/\/eldiariodesanpedro.com.ar\/sitio\/wp-content\/uploads\/2016\/05\/violencia-femenina-2.jpg","jetpack_shortlink":"https:\/\/wp.me\/p6RhLt-39g","jetpack_sharing_enabled":true,"_links":{"self":[{"href":"https:\/\/eldiariodesanpedro.com.ar\/sitio\/wp-json\/wp\/v2\/posts\/12106","targetHints":{"allow":["GET"]}}],"collection":[{"href":"https:\/\/eldiariodesanpedro.com.ar\/sitio\/wp-json\/wp\/v2\/posts"}],"about":[{"href":"https:\/\/eldiariodesanpedro.com.ar\/sitio\/wp-json\/wp\/v2\/types\/post"}],"author":[{"embeddable":true,"href":"https:\/\/eldiariodesanpedro.com.ar\/sitio\/wp-json\/wp\/v2\/users\/4"}],"replies":[{"embeddable":true,"href":"https:\/\/eldiariodesanpedro.com.ar\/sitio\/wp-json\/wp\/v2\/comments?post=12106"}],"version-history":[{"count":1,"href":"https:\/\/eldiariodesanpedro.com.ar\/sitio\/wp-json\/wp\/v2\/posts\/12106\/revisions"}],"predecessor-version":[{"id":12107,"href":"https:\/\/eldiariodesanpedro.com.ar\/sitio\/wp-json\/wp\/v2\/posts\/12106\/revisions\/12107"}],"wp:featuredmedia":[{"embeddable":true,"href":"https:\/\/eldiariodesanpedro.com.ar\/sitio\/wp-json\/wp\/v2\/media\/3957"}],"wp:attachment":[{"href":"https:\/\/eldiariodesanpedro.com.ar\/sitio\/wp-json\/wp\/v2\/media?parent=12106"}],"wp:term":[{"taxonomy":"category","embeddable":true,"href":"https:\/\/eldiariodesanpedro.com.ar\/sitio\/wp-json\/wp\/v2\/categories?post=12106"},{"taxonomy":"post_tag","embeddable":true,"href":"https:\/\/eldiariodesanpedro.com.ar\/sitio\/wp-json\/wp\/v2\/tags?post=12106"}],"curies":[{"name":"wp","href":"https:\/\/api.w.org\/{rel}","templated":true}]}}