{"id":121035,"date":"2023-08-03T13:28:18","date_gmt":"2023-08-03T16:28:18","guid":{"rendered":"https:\/\/eldiariodesanpedro.com.ar\/sitio\/?p=121035"},"modified":"2023-08-03T13:28:20","modified_gmt":"2023-08-03T16:28:20","slug":"tango-en-aleph-fleurs-noires-regresa-a-san-pedro-con-su-cuarto-disco-de-estudio","status":"publish","type":"post","link":"https:\/\/eldiariodesanpedro.com.ar\/sitio\/tango-en-aleph-fleurs-noires-regresa-a-san-pedro-con-su-cuarto-disco-de-estudio\/","title":{"rendered":"Tango en Aleph: Fleurs Noires regresa a San Pedro con su cuarto disco de estudio"},"content":{"rendered":"<!-- VideographyWP Plugin Message: Automatic video embedding prevented by plugin options. -->\n\n<p>Fleurs Noires, la Orquesta de Tango liderada por Andrea Marsili, regresa a San Pedro despu\u00e9s de 11 a\u00f1os para presentar su cuarto disco de estudio, \u00abTangos en Aleph\u00bb. El evento tendr\u00e1 lugar el martes 29 de Agosto en la Iglesia Nuestra Se\u00f1ora del Socorro, y la entrada ser\u00e1 libre y gratuita para todos los asistentes.<\/p>\n\n\n\n<p>Originaria de Par\u00eds, Francia, Fleurs Noires es una reconocida agrupaci\u00f3n de tango contempor\u00e1neo conformada exclusivamente por mujeres. Con una trayectoria de 20 a\u00f1os, cuenta con una diversa formaci\u00f3n integrada por cuatro argentinas, cinco francesas y una finlandesa.<\/p>\n\n\n\n<p>Para esta ocasi\u00f3n especial, la orquesta contar\u00e1 con la colaboraci\u00f3n de dos destacados m\u00fasicos invitados: Minino Garay y Aureliano Mar\u00edn. Ambos participar\u00e1n en la grabaci\u00f3n del nuevo material discogr\u00e1fico, enriqueciendo as\u00ed la propuesta musical de la agrupaci\u00f3n.<\/p>\n\n\n\n<p>Andrea Marsili, una artista con s\u00f3lidas ra\u00edces sampedrinas y nacida en Rosario, es la Directora, pianista y compositora de Fleurs Noires. Junto a ella, la formaci\u00f3n incluye talentosas m\u00fasicas como Carolina Poenitz en el bandone\u00f3n, Ver\u00f3nica Votti en el violonchelo, Marion Chiron y Kristina Kuusisto en bandone\u00f3n, Anne Le Pape, Andrea Pujado, Solemne Bort Turquet y Sophie Durteste en viol\u00edn, y Anne Vauchelet en contrabajo.<\/p>\n\n\n\n<p>\u00abTangos en Aleph\u00bb, el cuarto \u00e1lbum de estudio de Fleurs Noires, es una obra que cuenta con la colaboraci\u00f3n de reconocidos artistas como Tomas Gubitsch y Daniel Melingo. Adem\u00e1s, las letras han sido escritas por Omar Marsili, padre de Andrea Marsili y un respetado escritor sampedrino.<\/p>\n\n\n\n<p>Andrea Marsili, al describir el concepto del \u00e1lbum, hace referencia a la noci\u00f3n de autenticidad y la importancia de mantener la esencia del tango. El t\u00edtulo del disco hace alusi\u00f3n al Aleph, una esfera que se encuentra en todas partes y en ninguna al mismo tiempo, donde se hallan el presente, el pasado y el futuro sin mezclarse, y que permite ver todos los lugares del universo desde todos los \u00e1ngulos. En este contexto, \u00abTangos en Aleph\u00bb busca ser un tango transcultural y universal, honrando las ra\u00edces del g\u00e9nero y trascendiendo fronteras culturales.<\/p>\n\n\n\n<p>En su \u00faltima visita a San Pedro en 2012, Fleurs Noires present\u00f3 su segundo \u00e1lbum, \u00abSalida de Emergencia\u00bb, con dos exitosas funciones a sala llena en la Biblioteca Popular Rafael Obligado, como parte de las celebraciones por el 140\u00ba aniversario de la instituci\u00f3n.<\/p>\n\n\n\n<p>Con la expectativa de brindar una velada inolvidable y llevar su m\u00fasica a nuevos horizontes, Fleurs Noires se prepara para cautivar al p\u00fablico sanpedrino con su pasi\u00f3n por el tango y su inigualable talento art\u00edstico. No te pierdas esta oportunidad \u00fanica de sumergirte en la esencia del tango contempor\u00e1neo con Fleurs Noires y sus conmovedoras interpretaciones. \u00a1Te esperamos en la Iglesia Nuestra Se\u00f1ora del Socorro el martes 29 de Agosto! La entrada es libre y gratuita, no faltes.<\/p>\n","protected":false},"excerpt":{"rendered":"<p>Fleurs Noires, la Orquesta de Tango liderada por Andrea Marsili, regresa a San Pedro despu\u00e9s de 11 a\u00f1os para presentar su cuarto disco de estudio, \u00abTangos en Aleph\u00bb. El evento tendr\u00e1 lugar el martes 29 de Agosto en la Iglesia Nuestra Se\u00f1ora del Socorro, y la entrada ser\u00e1 libre y gratuita para todos los asistentes. [&hellip;]<\/p>\n","protected":false},"author":4,"featured_media":121036,"comment_status":"closed","ping_status":"closed","sticky":false,"template":"","format":"standard","meta":{"om_disable_all_campaigns":false,"_jetpack_memberships_contains_paid_content":false,"footnotes":""},"categories":[101,2],"tags":[197,696,33,19],"class_list":["post-121035","post","type-post","status-publish","format-standard","has-post-thumbnail","hentry","category-interes-general-locales","category-locales","tag-buenos-aires","tag-interes-general","tag-locales","tag-san-pedro"],"aioseo_notices":[],"gutentor_comment":0,"jetpack_featured_media_url":"https:\/\/eldiariodesanpedro.com.ar\/sitio\/wp-content\/uploads\/2023\/08\/medida-5.png","jetpack_shortlink":"https:\/\/wp.me\/p6RhLt-vub","jetpack_sharing_enabled":true,"_links":{"self":[{"href":"https:\/\/eldiariodesanpedro.com.ar\/sitio\/wp-json\/wp\/v2\/posts\/121035","targetHints":{"allow":["GET"]}}],"collection":[{"href":"https:\/\/eldiariodesanpedro.com.ar\/sitio\/wp-json\/wp\/v2\/posts"}],"about":[{"href":"https:\/\/eldiariodesanpedro.com.ar\/sitio\/wp-json\/wp\/v2\/types\/post"}],"author":[{"embeddable":true,"href":"https:\/\/eldiariodesanpedro.com.ar\/sitio\/wp-json\/wp\/v2\/users\/4"}],"replies":[{"embeddable":true,"href":"https:\/\/eldiariodesanpedro.com.ar\/sitio\/wp-json\/wp\/v2\/comments?post=121035"}],"version-history":[{"count":1,"href":"https:\/\/eldiariodesanpedro.com.ar\/sitio\/wp-json\/wp\/v2\/posts\/121035\/revisions"}],"predecessor-version":[{"id":121037,"href":"https:\/\/eldiariodesanpedro.com.ar\/sitio\/wp-json\/wp\/v2\/posts\/121035\/revisions\/121037"}],"wp:featuredmedia":[{"embeddable":true,"href":"https:\/\/eldiariodesanpedro.com.ar\/sitio\/wp-json\/wp\/v2\/media\/121036"}],"wp:attachment":[{"href":"https:\/\/eldiariodesanpedro.com.ar\/sitio\/wp-json\/wp\/v2\/media?parent=121035"}],"wp:term":[{"taxonomy":"category","embeddable":true,"href":"https:\/\/eldiariodesanpedro.com.ar\/sitio\/wp-json\/wp\/v2\/categories?post=121035"},{"taxonomy":"post_tag","embeddable":true,"href":"https:\/\/eldiariodesanpedro.com.ar\/sitio\/wp-json\/wp\/v2\/tags?post=121035"}],"curies":[{"name":"wp","href":"https:\/\/api.w.org\/{rel}","templated":true}]}}