{"id":121032,"date":"2023-08-03T11:56:00","date_gmt":"2023-08-03T14:56:00","guid":{"rendered":"https:\/\/eldiariodesanpedro.com.ar\/sitio\/?p=121032"},"modified":"2023-08-03T11:56:02","modified_gmt":"2023-08-03T14:56:02","slug":"incidente-en-sucursal-del-supermercado-dia-de-belgrano-al-900","status":"publish","type":"post","link":"https:\/\/eldiariodesanpedro.com.ar\/sitio\/incidente-en-sucursal-del-supermercado-dia-de-belgrano-al-900\/","title":{"rendered":"Incidente en sucursal del supermercado \u00abD\u00eda %\u00bb de Belgrano al 900"},"content":{"rendered":"<!-- VideographyWP Plugin Message: Automatic video embedding prevented by plugin options. -->\n\n<p>En la tarde del mi\u00e9rcoles, parte de la mamposter\u00eda del techo de la sucursal del supermercado \u00abD\u00eda %\u00bb ubicado en Belgrano al 900 sufri\u00f3 un derrumbe, afectando las g\u00f3ndolas y heladeras del establecimiento. Afortunadamente, no se reportaron personas heridas debido a que no hab\u00eda clientes en el \u00e1rea en ese momento. Ante la emergencia, se activ\u00f3 la intervenci\u00f3n de una dotaci\u00f3n del cuerpo de Bomberos Voluntarios.<\/p>\n\n\n\n<p>Seg\u00fan Rom\u00e1n Montenegro, responsable de la intervenci\u00f3n, \u00abfuimos convocados debido al colapso parcial del techo del supermercado. Al llegar al lugar, el personal del comercio ya hab\u00eda iniciado el proceso de evacuaci\u00f3n de manera oportuna\u00bb. El voluntario se\u00f1al\u00f3 que el techo afectado es parte de la estructura original, que tambi\u00e9n funciona como piso del hotel \u00abSan Pedro Palace\u00bb ubicado en el primer piso del edificio.<\/p>\n\n\n\n<p>Es importante destacar que en el pasado reciente se hab\u00edan realizado remodelaciones en el lugar, y durante el incidente, el techo original cay\u00f3 sobre el nuevo techo del supermercado, ocasionando da\u00f1os significativos en el \u00e1rea de las g\u00f3ndolas y heladeras. A pesar del impacto, las autoridades confirmaron que no hubo heridos.<\/p>\n\n\n\n<p>Como medida de precauci\u00f3n, se efectu\u00f3 una revisi\u00f3n integral del local y se tomaron acciones en el ala del hotel adyacente al supermercado para asegurar su integridad estructural. La colaboraci\u00f3n entre los Bomberos Voluntarios y el personal del establecimiento permiti\u00f3 gestionar la situaci\u00f3n de manera efectiva y garantizar la seguridad de los clientes y empleados.<\/p>\n\n\n\n<p>Las autoridades locales continuar\u00e1n investigando las causas del derrumbe para determinar las responsabilidades pertinentes y tomar medidas preventivas para evitar incidentes similares en el futuro. El supermercado \u00abD\u00eda %\u00bb permanecer\u00e1 cerrado hasta que se concluyan las evaluaciones t\u00e9cnicas y se certifique la seguridad de sus instalaciones.<\/p>\n","protected":false},"excerpt":{"rendered":"<p>En la tarde del mi\u00e9rcoles, parte de la mamposter\u00eda del techo de la sucursal del supermercado \u00abD\u00eda %\u00bb ubicado en Belgrano al 900 sufri\u00f3 un derrumbe, afectando las g\u00f3ndolas y heladeras del establecimiento. Afortunadamente, no se reportaron personas heridas debido a que no hab\u00eda clientes en el \u00e1rea en ese momento. Ante la emergencia, se [&hellip;]<\/p>\n","protected":false},"author":4,"featured_media":121033,"comment_status":"closed","ping_status":"closed","sticky":false,"template":"","format":"standard","meta":{"om_disable_all_campaigns":false,"_jetpack_memberships_contains_paid_content":false,"footnotes":""},"categories":[50,2,103],"tags":[],"class_list":["post-121032","post","type-post","status-publish","format-standard","has-post-thumbnail","hentry","category-destacadas","category-locales","category-policiales-locales"],"aioseo_notices":[],"gutentor_comment":0,"jetpack_featured_media_url":"https:\/\/eldiariodesanpedro.com.ar\/sitio\/wp-content\/uploads\/2023\/08\/IMG_20170818_144658.jpg","jetpack_shortlink":"https:\/\/wp.me\/p6RhLt-vu8","jetpack_sharing_enabled":true,"_links":{"self":[{"href":"https:\/\/eldiariodesanpedro.com.ar\/sitio\/wp-json\/wp\/v2\/posts\/121032","targetHints":{"allow":["GET"]}}],"collection":[{"href":"https:\/\/eldiariodesanpedro.com.ar\/sitio\/wp-json\/wp\/v2\/posts"}],"about":[{"href":"https:\/\/eldiariodesanpedro.com.ar\/sitio\/wp-json\/wp\/v2\/types\/post"}],"author":[{"embeddable":true,"href":"https:\/\/eldiariodesanpedro.com.ar\/sitio\/wp-json\/wp\/v2\/users\/4"}],"replies":[{"embeddable":true,"href":"https:\/\/eldiariodesanpedro.com.ar\/sitio\/wp-json\/wp\/v2\/comments?post=121032"}],"version-history":[{"count":1,"href":"https:\/\/eldiariodesanpedro.com.ar\/sitio\/wp-json\/wp\/v2\/posts\/121032\/revisions"}],"predecessor-version":[{"id":121034,"href":"https:\/\/eldiariodesanpedro.com.ar\/sitio\/wp-json\/wp\/v2\/posts\/121032\/revisions\/121034"}],"wp:featuredmedia":[{"embeddable":true,"href":"https:\/\/eldiariodesanpedro.com.ar\/sitio\/wp-json\/wp\/v2\/media\/121033"}],"wp:attachment":[{"href":"https:\/\/eldiariodesanpedro.com.ar\/sitio\/wp-json\/wp\/v2\/media?parent=121032"}],"wp:term":[{"taxonomy":"category","embeddable":true,"href":"https:\/\/eldiariodesanpedro.com.ar\/sitio\/wp-json\/wp\/v2\/categories?post=121032"},{"taxonomy":"post_tag","embeddable":true,"href":"https:\/\/eldiariodesanpedro.com.ar\/sitio\/wp-json\/wp\/v2\/tags?post=121032"}],"curies":[{"name":"wp","href":"https:\/\/api.w.org\/{rel}","templated":true}]}}