{"id":121025,"date":"2023-08-03T11:16:13","date_gmt":"2023-08-03T14:16:13","guid":{"rendered":"https:\/\/eldiariodesanpedro.com.ar\/sitio\/?p=121025"},"modified":"2023-08-03T11:16:15","modified_gmt":"2023-08-03T14:16:15","slug":"desmantelan-red-de-narcotrafico-en-san-pedro-siete-allanamientos-y-dos-detenidos","status":"publish","type":"post","link":"https:\/\/eldiariodesanpedro.com.ar\/sitio\/desmantelan-red-de-narcotrafico-en-san-pedro-siete-allanamientos-y-dos-detenidos\/","title":{"rendered":"Desmantelan red de narcotr\u00e1fico en San Pedro: siete allanamientos y dos detenidos"},"content":{"rendered":"<!-- VideographyWP Plugin Message: Automatic video embedding prevented by plugin options. -->\n\n<p>En una exitosa operaci\u00f3n llevada a cabo por la Delegaci\u00f3n Departamental de Investigaciones del Tr\u00e1fico de Drogas Il\u00edcitas de San Nicol\u00e1s, se realizaron siete allanamientos en la ciudad de San Pedro, que resultaron en el desmantelamiento de una red de narcotr\u00e1fico. Durante la intervenci\u00f3n, se logr\u00f3 el secuestro de varias dosis de drogas y la aprehensi\u00f3n de dos personas mayores de edad por infracci\u00f3n a la Ley 23.737 de Estupefacientes.<\/p>\n\n\n\n<p>El operativo, que se inici\u00f3 a principios del mes de Julio, fue fruto de informes policiales que indicaban la existencia de actividades il\u00edcitas en el barrio \u00abHERMAN INDIO\u00bb, conocido por su alto grado de conflictividad. Despu\u00e9s de una minuciosa labor investigativa y la recolecci\u00f3n de pruebas contundentes, se solicitaron las diligencias judiciales, las cuales fueron otorgadas por el Juzgado de Garant\u00edas N\u00b0 1 de San Nicol\u00e1s, a requerimiento de la Unidad Funcional de Instrucci\u00f3n N\u00b0 7, a cargo de la Dra. Mar\u00eda del Valle Viviani.<\/p>\n\n\n\n<p>En la tarde de hoy, los agentes llevaron a cabo las irrupciones en seis domicilios de una misma calle, ubicados en el barrio \u00abHERMANO INDIO\u00bb, y tambi\u00e9n se realiz\u00f3 un s\u00e9ptimo allanamiento en el barrio \u00abFUTURO\u00bb. Durante estas acciones, se procedi\u00f3 a la aprehensi\u00f3n de una mujer mayor de edad, quien ya se encontraba cumpliendo arresto domiciliario por una condena previa por narcotr\u00e1fico. Adem\u00e1s, se incautaron una gran cantidad de dosis de coca\u00edna y marihuana, que apuntaban a su posterior comercializaci\u00f3n, as\u00ed como recortes de nylon, tel\u00e9fonos celulares y dinero en efectivo.<\/p>\n\n\n\n<p>Para llevar a cabo las mandas judiciales, se cont\u00f3 con la colaboraci\u00f3n de varios cuerpos de seguridad, incluyendo Infanter\u00eda San Nicol\u00e1s, Grupo de Apoyo Departamental, D.D.I y Polic\u00eda Comunal de San Pedro. El objetivo era brindar seguridad tanto para los habitantes del barrio como para los propios efectivos actuantes, coordinando un amplio operativo de contenci\u00f3n. Durante las diligencias, la Agente Fiscal a cargo supervis\u00f3 personalmente el procedimiento, y tambi\u00e9n se cont\u00f3 con la presencia de instructores judiciales, quienes permanecieron en el lugar hasta la finalizaci\u00f3n del operativo.<\/p>\n\n\n\n<p>Como resultado de esta exitosa operaci\u00f3n, la Sra. Agente Fiscal dispuso la aprehensi\u00f3n de una mujer de 35 a\u00f1os y un hombre de 30 a\u00f1os, quienes ser\u00e1n indagados a primeras horas del d\u00eda de ma\u00f1ana por los delitos de \u00abTENENCIA DE ESTUPEFACIENTES CON FINES DE COMERCIALIZACI\u00d3N\u00bb y \u00abCOMERCIALIZACI\u00d3N PROPIAMENTE DICHA EN INFRACCI\u00d3N A LA LEY 23.737\u00bb. Este importante golpe al narcotr\u00e1fico permitir\u00e1 desbaratar una red que operaba en la zona y contribuir\u00e1 a mejorar la seguridad en la ciudad de San Pedro.<\/p>\n\n\n\n<figure class=\"wp-block-image size-full\"><img decoding=\"async\" width=\"840\" height=\"630\" data-attachment-id=\"121030\" data-permalink=\"https:\/\/eldiariodesanpedro.com.ar\/sitio\/desmantelan-red-de-narcotrafico-en-san-pedro-siete-allanamientos-y-dos-detenidos\/imagen-de-whatsapp-2023-08-02-a-las-23-44-223\/\" data-orig-file=\"https:\/\/eldiariodesanpedro.com.ar\/sitio\/wp-content\/uploads\/2023\/08\/Imagen-de-WhatsApp-2023-08-02-a-las-23.44.223.jpg\" data-orig-size=\"840,630\" data-comments-opened=\"0\" data-image-meta=\"{&quot;aperture&quot;:&quot;0&quot;,&quot;credit&quot;:&quot;&quot;,&quot;camera&quot;:&quot;&quot;,&quot;caption&quot;:&quot;&quot;,&quot;created_timestamp&quot;:&quot;0&quot;,&quot;copyright&quot;:&quot;&quot;,&quot;focal_length&quot;:&quot;0&quot;,&quot;iso&quot;:&quot;0&quot;,&quot;shutter_speed&quot;:&quot;0&quot;,&quot;title&quot;:&quot;&quot;,&quot;orientation&quot;:&quot;0&quot;}\" data-image-title=\"Imagen de WhatsApp 2023-08-02 a las 23.44.223\" data-image-description=\"\" data-image-caption=\"\" data-large-file=\"https:\/\/eldiariodesanpedro.com.ar\/sitio\/wp-content\/uploads\/2023\/08\/Imagen-de-WhatsApp-2023-08-02-a-las-23.44.223.jpg\" data-src=\"https:\/\/eldiariodesanpedro.com.ar\/sitio\/wp-content\/uploads\/2023\/08\/Imagen-de-WhatsApp-2023-08-02-a-las-23.44.223.jpg\" alt=\"\" class=\"wp-image-121030 lazyload\" data-srcset=\"https:\/\/eldiariodesanpedro.com.ar\/sitio\/wp-content\/uploads\/2023\/08\/Imagen-de-WhatsApp-2023-08-02-a-las-23.44.223.jpg 840w, https:\/\/eldiariodesanpedro.com.ar\/sitio\/wp-content\/uploads\/2023\/08\/Imagen-de-WhatsApp-2023-08-02-a-las-23.44.223-300x225.jpg 300w, https:\/\/eldiariodesanpedro.com.ar\/sitio\/wp-content\/uploads\/2023\/08\/Imagen-de-WhatsApp-2023-08-02-a-las-23.44.223-768x576.jpg 768w, https:\/\/eldiariodesanpedro.com.ar\/sitio\/wp-content\/uploads\/2023\/08\/Imagen-de-WhatsApp-2023-08-02-a-las-23.44.223-272x204.jpg 272w\" data-sizes=\"(max-width: 840px) 100vw, 840px\" src=\"data:image\/svg+xml;base64,PHN2ZyB3aWR0aD0iMSIgaGVpZ2h0PSIxIiB4bWxucz0iaHR0cDovL3d3dy53My5vcmcvMjAwMC9zdmciPjwvc3ZnPg==\" style=\"--smush-placeholder-width: 840px; --smush-placeholder-aspect-ratio: 840\/630;\" \/><\/figure>\n\n\n\n<figure class=\"wp-block-image size-full\"><img decoding=\"async\" width=\"840\" height=\"630\" data-attachment-id=\"121029\" data-permalink=\"https:\/\/eldiariodesanpedro.com.ar\/sitio\/desmantelan-red-de-narcotrafico-en-san-pedro-siete-allanamientos-y-dos-detenidos\/imagen-de-whatsapp-2023-08-02-a-las-23-44-222\/\" data-orig-file=\"https:\/\/eldiariodesanpedro.com.ar\/sitio\/wp-content\/uploads\/2023\/08\/Imagen-de-WhatsApp-2023-08-02-a-las-23.44.222.jpg\" data-orig-size=\"840,630\" data-comments-opened=\"0\" data-image-meta=\"{&quot;aperture&quot;:&quot;0&quot;,&quot;credit&quot;:&quot;&quot;,&quot;camera&quot;:&quot;&quot;,&quot;caption&quot;:&quot;&quot;,&quot;created_timestamp&quot;:&quot;0&quot;,&quot;copyright&quot;:&quot;&quot;,&quot;focal_length&quot;:&quot;0&quot;,&quot;iso&quot;:&quot;0&quot;,&quot;shutter_speed&quot;:&quot;0&quot;,&quot;title&quot;:&quot;&quot;,&quot;orientation&quot;:&quot;0&quot;}\" data-image-title=\"Imagen de WhatsApp 2023-08-02 a las 23.44.222\" data-image-description=\"\" data-image-caption=\"\" data-large-file=\"https:\/\/eldiariodesanpedro.com.ar\/sitio\/wp-content\/uploads\/2023\/08\/Imagen-de-WhatsApp-2023-08-02-a-las-23.44.222.jpg\" data-src=\"https:\/\/eldiariodesanpedro.com.ar\/sitio\/wp-content\/uploads\/2023\/08\/Imagen-de-WhatsApp-2023-08-02-a-las-23.44.222.jpg\" alt=\"\" class=\"wp-image-121029 lazyload\" data-srcset=\"https:\/\/eldiariodesanpedro.com.ar\/sitio\/wp-content\/uploads\/2023\/08\/Imagen-de-WhatsApp-2023-08-02-a-las-23.44.222.jpg 840w, https:\/\/eldiariodesanpedro.com.ar\/sitio\/wp-content\/uploads\/2023\/08\/Imagen-de-WhatsApp-2023-08-02-a-las-23.44.222-300x225.jpg 300w, https:\/\/eldiariodesanpedro.com.ar\/sitio\/wp-content\/uploads\/2023\/08\/Imagen-de-WhatsApp-2023-08-02-a-las-23.44.222-768x576.jpg 768w, https:\/\/eldiariodesanpedro.com.ar\/sitio\/wp-content\/uploads\/2023\/08\/Imagen-de-WhatsApp-2023-08-02-a-las-23.44.222-272x204.jpg 272w\" data-sizes=\"(max-width: 840px) 100vw, 840px\" src=\"data:image\/svg+xml;base64,PHN2ZyB3aWR0aD0iMSIgaGVpZ2h0PSIxIiB4bWxucz0iaHR0cDovL3d3dy53My5vcmcvMjAwMC9zdmciPjwvc3ZnPg==\" style=\"--smush-placeholder-width: 840px; --smush-placeholder-aspect-ratio: 840\/630;\" \/><\/figure>\n","protected":false},"excerpt":{"rendered":"<p>En una exitosa operaci\u00f3n llevada a cabo por la Delegaci\u00f3n Departamental de Investigaciones del Tr\u00e1fico de Drogas Il\u00edcitas de San Nicol\u00e1s, se realizaron siete allanamientos en la ciudad de San Pedro, que resultaron en el desmantelamiento de una red de narcotr\u00e1fico. Durante la intervenci\u00f3n, se logr\u00f3 el secuestro de varias dosis de drogas y la [&hellip;]<\/p>\n","protected":false},"author":4,"featured_media":121028,"comment_status":"closed","ping_status":"closed","sticky":false,"template":"","format":"standard","meta":{"om_disable_all_campaigns":false,"_jetpack_memberships_contains_paid_content":false,"footnotes":""},"categories":[50,2,103],"tags":[197,696,33,19],"class_list":["post-121025","post","type-post","status-publish","format-standard","has-post-thumbnail","hentry","category-destacadas","category-locales","category-policiales-locales","tag-buenos-aires","tag-interes-general","tag-locales","tag-san-pedro"],"aioseo_notices":[],"gutentor_comment":0,"jetpack_featured_media_url":"https:\/\/eldiariodesanpedro.com.ar\/sitio\/wp-content\/uploads\/2023\/08\/Imagen-de-WhatsApp-2023-08-02-a-las-23.44.221.jpg","jetpack_shortlink":"https:\/\/wp.me\/p6RhLt-vu1","jetpack_sharing_enabled":true,"_links":{"self":[{"href":"https:\/\/eldiariodesanpedro.com.ar\/sitio\/wp-json\/wp\/v2\/posts\/121025","targetHints":{"allow":["GET"]}}],"collection":[{"href":"https:\/\/eldiariodesanpedro.com.ar\/sitio\/wp-json\/wp\/v2\/posts"}],"about":[{"href":"https:\/\/eldiariodesanpedro.com.ar\/sitio\/wp-json\/wp\/v2\/types\/post"}],"author":[{"embeddable":true,"href":"https:\/\/eldiariodesanpedro.com.ar\/sitio\/wp-json\/wp\/v2\/users\/4"}],"replies":[{"embeddable":true,"href":"https:\/\/eldiariodesanpedro.com.ar\/sitio\/wp-json\/wp\/v2\/comments?post=121025"}],"version-history":[{"count":1,"href":"https:\/\/eldiariodesanpedro.com.ar\/sitio\/wp-json\/wp\/v2\/posts\/121025\/revisions"}],"predecessor-version":[{"id":121031,"href":"https:\/\/eldiariodesanpedro.com.ar\/sitio\/wp-json\/wp\/v2\/posts\/121025\/revisions\/121031"}],"wp:featuredmedia":[{"embeddable":true,"href":"https:\/\/eldiariodesanpedro.com.ar\/sitio\/wp-json\/wp\/v2\/media\/121028"}],"wp:attachment":[{"href":"https:\/\/eldiariodesanpedro.com.ar\/sitio\/wp-json\/wp\/v2\/media?parent=121025"}],"wp:term":[{"taxonomy":"category","embeddable":true,"href":"https:\/\/eldiariodesanpedro.com.ar\/sitio\/wp-json\/wp\/v2\/categories?post=121025"},{"taxonomy":"post_tag","embeddable":true,"href":"https:\/\/eldiariodesanpedro.com.ar\/sitio\/wp-json\/wp\/v2\/tags?post=121025"}],"curies":[{"name":"wp","href":"https:\/\/api.w.org\/{rel}","templated":true}]}}