{"id":12081,"date":"2016-12-28T19:38:45","date_gmt":"2016-12-28T22:38:45","guid":{"rendered":"https:\/\/eldiariodesanpedro.com.ar\/sitio\/?p=12081"},"modified":"2016-12-28T19:38:45","modified_gmt":"2016-12-28T22:38:45","slug":"arrecifes-el-ministro-ritondo-visito-la-ciudad","status":"publish","type":"post","link":"https:\/\/eldiariodesanpedro.com.ar\/sitio\/arrecifes-el-ministro-ritondo-visito-la-ciudad\/","title":{"rendered":"ARRECIFES El ministro Ritondo visit\u00f3 la ciudad"},"content":{"rendered":"<p><!-- VideographyWP Plugin Message: Automatic video embedding prevented by plugin options. --><br \/>\nCristian Ritondo dijo presente en Arrecifes y, en el medio de las inundaciones que azotan a ese distrito, junto con el director de Defensa Civil bonaerense, Luciano Timerman, recorrieron los distintos centros de evacuados, acompa\u00f1ados por el intendente Javier Olaeta.<\/p>\n<p>Dentro de ese contexto, el ministro de Seguridad y el titular de Defensa Civil visitaron los centros de evacuados de Villa Sanguinetti y Palermo, donde dialogaron con las v\u00edctimas de las inundaciones y supervisaron los operativos de asistencia que se llevan a cabo en la zona.<\/p>\n<p>Tras la recorrida, Olaeta brind\u00f3 detalles de la situaci\u00f3n que se vive en Arrecifes: \u201cNosotros tenemos 220 inundados en seis centros de evacuaci\u00f3n a los cuales hoy se agregaron 40 autoevacuados m\u00e1s\u201d, asever\u00f3 Olaeta.<\/p>\n<p>No obstante, el jefe comunal detall\u00f3 que a los damnificados \u201clogramos sacarlos a todos antes de que llegara el agua y las cosas m\u00e1s importantes se pudieron sacar\u201d. En ese sentido, Olaeta resalt\u00f3: \u201cAhora se estabiliz\u00f3 el agua y est\u00e1 empezando a bajar de a poquito, pero viene lo m\u00e1s dif\u00edcil, que es la etapa cuando los damnificados vuelven a sus casas\u201d.<\/p>\n<p>\u201cHoy estuvo Ritondo y desde hace dos d\u00edas que empez\u00f3 este drama, la Provincia est\u00e1 en contacto, mi equipo ha trabajado en consecuencia a la situaci\u00f3n, y es de destacar la labor de Ritondo y la de la gente de infanter\u00eda ayudando constantemente\u201d, puntualiz\u00f3 el intendente arrecife\u00f1o. (Fuente: La Tecla).<\/p>\n","protected":false},"excerpt":{"rendered":"<p>Cristian Ritondo dijo presente en Arrecifes y, en el medio de las inundaciones que azotan a ese distrito, junto con el director de Defensa Civil bonaerense, Luciano Timerman, recorrieron los distintos centros de evacuados, acompa\u00f1ados por el intendente Javier Olaeta. Dentro de ese contexto, el ministro de Seguridad y el titular de Defensa Civil visitaron [&hellip;]<\/p>\n","protected":false},"author":4,"featured_media":12083,"comment_status":"open","ping_status":"closed","sticky":false,"template":"","format":"standard","meta":{"om_disable_all_campaigns":false,"_jetpack_memberships_contains_paid_content":false,"footnotes":""},"categories":[621],"tags":[],"class_list":["post-12081","post","type-post","status-publish","format-standard","has-post-thumbnail","hentry","category-regionales"],"aioseo_notices":[],"gutentor_comment":0,"jetpack_featured_media_url":"https:\/\/eldiariodesanpedro.com.ar\/sitio\/wp-content\/uploads\/2016\/12\/ritondo-en-arrecifes-centro-evacuados.jpg","jetpack_shortlink":"https:\/\/wp.me\/p6RhLt-38R","jetpack_sharing_enabled":true,"_links":{"self":[{"href":"https:\/\/eldiariodesanpedro.com.ar\/sitio\/wp-json\/wp\/v2\/posts\/12081","targetHints":{"allow":["GET"]}}],"collection":[{"href":"https:\/\/eldiariodesanpedro.com.ar\/sitio\/wp-json\/wp\/v2\/posts"}],"about":[{"href":"https:\/\/eldiariodesanpedro.com.ar\/sitio\/wp-json\/wp\/v2\/types\/post"}],"author":[{"embeddable":true,"href":"https:\/\/eldiariodesanpedro.com.ar\/sitio\/wp-json\/wp\/v2\/users\/4"}],"replies":[{"embeddable":true,"href":"https:\/\/eldiariodesanpedro.com.ar\/sitio\/wp-json\/wp\/v2\/comments?post=12081"}],"version-history":[{"count":2,"href":"https:\/\/eldiariodesanpedro.com.ar\/sitio\/wp-json\/wp\/v2\/posts\/12081\/revisions"}],"predecessor-version":[{"id":12084,"href":"https:\/\/eldiariodesanpedro.com.ar\/sitio\/wp-json\/wp\/v2\/posts\/12081\/revisions\/12084"}],"wp:featuredmedia":[{"embeddable":true,"href":"https:\/\/eldiariodesanpedro.com.ar\/sitio\/wp-json\/wp\/v2\/media\/12083"}],"wp:attachment":[{"href":"https:\/\/eldiariodesanpedro.com.ar\/sitio\/wp-json\/wp\/v2\/media?parent=12081"}],"wp:term":[{"taxonomy":"category","embeddable":true,"href":"https:\/\/eldiariodesanpedro.com.ar\/sitio\/wp-json\/wp\/v2\/categories?post=12081"},{"taxonomy":"post_tag","embeddable":true,"href":"https:\/\/eldiariodesanpedro.com.ar\/sitio\/wp-json\/wp\/v2\/tags?post=12081"}],"curies":[{"name":"wp","href":"https:\/\/api.w.org\/{rel}","templated":true}]}}