{"id":12078,"date":"2016-12-28T19:19:05","date_gmt":"2016-12-28T22:19:05","guid":{"rendered":"https:\/\/eldiariodesanpedro.com.ar\/sitio\/?p=12078"},"modified":"2016-12-28T19:19:05","modified_gmt":"2016-12-28T22:19:05","slug":"ya-pudieron-salir-12-vehiculos-de-turistas","status":"publish","type":"post","link":"https:\/\/eldiariodesanpedro.com.ar\/sitio\/ya-pudieron-salir-12-vehiculos-de-turistas\/","title":{"rendered":"Ya pudieron salir 12 veh\u00edculos de turistas"},"content":{"rendered":"<p><!-- VideographyWP Plugin Message: Automatic video embedding prevented by plugin options. --><br \/>\nEn la tarde de hoy en un dialogo exclusivo con el Diario de San Pedro el subdelegado de Vuelta de Obligado nos cont\u00f3 como contin\u00faan las obras del terrapl\u00e9n para que se pueda circular libremente.<\/p>\n<p>Al momento que llegamos al lugar estaba ocurriendo una discusi\u00f3n entre el encargado de la empresa y los turistas que ped\u00edan que les permitan salir por lo que ya se hab\u00eda construido teniendo en cuenta que el pronostico estar\u00eda dando posibles lluvias para las zonas, y por el miedo de quedarse nuevamente aislados los turistas solicitaban que los dejen irse son alrededor de 12 o 13 autos que necesitar\u00edan cruzar. Algunos de los turistas comentaban que los lugares donde estaban alojados estar\u00edan teniendo la intensiones de cobrarles estos d\u00edas que quedaron aislados.<\/p>\n<p>El subdelegado nos comento que: \u00abtodav\u00eda no esta habilitado para el cruce en general pero mas tardar ma\u00f1ana ya se va a poder transitar normalmente si el tiempo nos acompa\u00f1a\u00bb, ademas agrego \u00abLo que estamos haciendo de dejarlos pasar no lo deber\u00edamos dejar hacer pero dada la situaci\u00f3n vamos a hacer una excepci\u00f3n por \u00fanica vez arriesg\u00e1ndonos un poquito a que pase algo\u00bb.<\/p>\n<p>En cuanto a la reparaci\u00f3n del terrapl\u00e9n Borba nos dijo: \u00abdecidimos usar escombro debido que en el lugar hab\u00eda agua, teniendo en cuenta que el escombro se afirma mas por mas que alla agua o barro, si se hubiera hecho con tosca sola no servia y no se hubiera podido hacer\u00bb, y con respecto a los dicho que se estaba rellenando con basura Hugo no comento: \u00abayer hubo gente que dec\u00eda que est\u00e1bamos tirando fotos de basura del basural para rellenar y que est\u00e1bamos haciendo mal las cosas, y lamentablemente nos es as\u00ed los escombros son muy buenos y ten\u00edan un poco de basura pero muy poco y eso no perjudicaba para nada el trabajo que se estaba haciendo\u00bb.<\/p>\n<p>La terminaci\u00f3n del puente es incierto cuando sera, la idea de la empresa seria empezar a trabajar ni bien pase las fiestas para terminar el puente lo mas pronto posible.<\/p>\n","protected":false},"excerpt":{"rendered":"<p>En la tarde de hoy en un dialogo exclusivo con el Diario de San Pedro el subdelegado de Vuelta de Obligado nos cont\u00f3 como contin\u00faan las obras del terrapl\u00e9n para que se pueda circular libremente. Al momento que llegamos al lugar estaba ocurriendo una discusi\u00f3n entre el encargado de la empresa y los turistas que [&hellip;]<\/p>\n","protected":false},"author":4,"featured_media":12079,"comment_status":"open","ping_status":"closed","sticky":false,"template":"","format":"standard","meta":{"om_disable_all_campaigns":false,"_jetpack_memberships_contains_paid_content":false,"footnotes":""},"categories":[50,101,2],"tags":[],"class_list":["post-12078","post","type-post","status-publish","format-standard","has-post-thumbnail","hentry","category-destacadas","category-interes-general-locales","category-locales"],"aioseo_notices":[],"gutentor_comment":0,"jetpack_featured_media_url":"https:\/\/eldiariodesanpedro.com.ar\/sitio\/wp-content\/uploads\/2016\/12\/1-3.jpg","jetpack_shortlink":"https:\/\/wp.me\/p6RhLt-38O","jetpack_sharing_enabled":true,"_links":{"self":[{"href":"https:\/\/eldiariodesanpedro.com.ar\/sitio\/wp-json\/wp\/v2\/posts\/12078","targetHints":{"allow":["GET"]}}],"collection":[{"href":"https:\/\/eldiariodesanpedro.com.ar\/sitio\/wp-json\/wp\/v2\/posts"}],"about":[{"href":"https:\/\/eldiariodesanpedro.com.ar\/sitio\/wp-json\/wp\/v2\/types\/post"}],"author":[{"embeddable":true,"href":"https:\/\/eldiariodesanpedro.com.ar\/sitio\/wp-json\/wp\/v2\/users\/4"}],"replies":[{"embeddable":true,"href":"https:\/\/eldiariodesanpedro.com.ar\/sitio\/wp-json\/wp\/v2\/comments?post=12078"}],"version-history":[{"count":1,"href":"https:\/\/eldiariodesanpedro.com.ar\/sitio\/wp-json\/wp\/v2\/posts\/12078\/revisions"}],"predecessor-version":[{"id":12080,"href":"https:\/\/eldiariodesanpedro.com.ar\/sitio\/wp-json\/wp\/v2\/posts\/12078\/revisions\/12080"}],"wp:featuredmedia":[{"embeddable":true,"href":"https:\/\/eldiariodesanpedro.com.ar\/sitio\/wp-json\/wp\/v2\/media\/12079"}],"wp:attachment":[{"href":"https:\/\/eldiariodesanpedro.com.ar\/sitio\/wp-json\/wp\/v2\/media?parent=12078"}],"wp:term":[{"taxonomy":"category","embeddable":true,"href":"https:\/\/eldiariodesanpedro.com.ar\/sitio\/wp-json\/wp\/v2\/categories?post=12078"},{"taxonomy":"post_tag","embeddable":true,"href":"https:\/\/eldiariodesanpedro.com.ar\/sitio\/wp-json\/wp\/v2\/tags?post=12078"}],"curies":[{"name":"wp","href":"https:\/\/api.w.org\/{rel}","templated":true}]}}