{"id":12075,"date":"2016-12-28T16:13:47","date_gmt":"2016-12-28T19:13:47","guid":{"rendered":"https:\/\/eldiariodesanpedro.com.ar\/sitio\/?p=12075"},"modified":"2016-12-28T16:13:47","modified_gmt":"2016-12-28T19:13:47","slug":"zararte-municipales-cobraran-un-bono-de-3-500-en-diciembre","status":"publish","type":"post","link":"https:\/\/eldiariodesanpedro.com.ar\/sitio\/zararte-municipales-cobraran-un-bono-de-3-500-en-diciembre\/","title":{"rendered":"Zararte: Municipales cobrar\u00e1n un bono de $3.500 en diciembre"},"content":{"rendered":"<p><!-- VideographyWP Plugin Message: Automatic video embedding prevented by plugin options. --><br \/>\nLo anunci\u00f3 C\u00e1ffaro este mediod\u00eda y explic\u00f3 que ser\u00e1 cobrado el 30 junto con el sueldo de los trabajadores. Alcanza a los empleados de planta como a los temporarios. Habl\u00f3 de las cuentas municipales, de los conflictos con sindicatos y del aumento en la cobrabilidad de tasas o impuestos.<\/p>\n<p>As\u00ed lo confirmaron esta ma\u00f1ana autoridades de la comuna encabezadas por el propio Intendente Osvaldo C\u00e1ffaro. El beneficio del bono de fin de a\u00f1o alcanza tanto a la planta permanente como a los temporarios.<\/p>\n<p>\u201cEsto lo podemos hacer porque no tenemos problemas econ\u00f3micos\u201d, dijo C\u00e1ffaro en conferencia de prensa pero aclar\u00f3 que \u201cs\u00ed tenemos problemas financieros\u201d, ya que el Municipio no logra acceder a cr\u00e9ditos.<\/p>\n<p>Tambi\u00e9n relacion\u00f3 esto con los conflictos sindicales del \u00faltimo tiempo y compar\u00f3: \u201cla mayor\u00eda de los incrementos ronda el 20% y nosotros entregamos un 40%\u201d. Aunque luego dijo que \u201cno hemos visto mucho alrededor\u201d, en referencia a los bonos o salarios de los Municipios vecinos.<\/p>\n<p>Asimismo, agradeci\u00f3 a los vecinos por el pago de impuestos y tasas municipales. \u201cLa gente sabe que el dinero vuelve en obras y mejoras\u201d, asegur\u00f3.<\/p>\n<p>En la misma sinton\u00eda, la Secretaria de Hacienda Patricia Fern\u00e1ndez indic\u00f3 que los \u00edndices de recaudaci\u00f3n se mantuvieron o aumentaron.<\/p>\n<p>La funcionaria municipal aprovech\u00f3 para aclara que la factura unificada vendr\u00e1 reci\u00e9n a partir de abril del 2017, puesto que antes deben compatibilizar los padrones con los de Aguas de Z\u00e1rate. Adem\u00e1s la empresa ya factur\u00f3 el trimestre completo.<\/p>\n<p>Esta boleta \u00fanica hace que la recaudaci\u00f3n municipal aumente; \u201cnos dimos cuenta que s\u00ed\u201d, analiz\u00f3 la contadora respecto al mismo caso con la tasa de DPU. \u201cSon muy pocos los contribuyentes que deciden dividir las tasas y tenemos un \u00edndice de cobrabilidad similar\u201d, detall\u00f3.<\/p>\n<p>Fuente: zaratealerta.com.ar<\/p>\n","protected":false},"excerpt":{"rendered":"<p>Lo anunci\u00f3 C\u00e1ffaro este mediod\u00eda y explic\u00f3 que ser\u00e1 cobrado el 30 junto con el sueldo de los trabajadores. Alcanza a los empleados de planta como a los temporarios. Habl\u00f3 de las cuentas municipales, de los conflictos con sindicatos y del aumento en la cobrabilidad de tasas o impuestos. As\u00ed lo confirmaron esta ma\u00f1ana autoridades [&hellip;]<\/p>\n","protected":false},"author":4,"featured_media":12076,"comment_status":"open","ping_status":"closed","sticky":false,"template":"","format":"standard","meta":{"om_disable_all_campaigns":false,"_jetpack_memberships_contains_paid_content":false,"footnotes":""},"categories":[621],"tags":[],"class_list":["post-12075","post","type-post","status-publish","format-standard","has-post-thumbnail","hentry","category-regionales"],"aioseo_notices":[],"gutentor_comment":0,"jetpack_featured_media_url":"https:\/\/eldiariodesanpedro.com.ar\/sitio\/wp-content\/uploads\/2016\/12\/Zarate-intendente.jpg","jetpack_shortlink":"https:\/\/wp.me\/p6RhLt-38L","jetpack_sharing_enabled":true,"_links":{"self":[{"href":"https:\/\/eldiariodesanpedro.com.ar\/sitio\/wp-json\/wp\/v2\/posts\/12075","targetHints":{"allow":["GET"]}}],"collection":[{"href":"https:\/\/eldiariodesanpedro.com.ar\/sitio\/wp-json\/wp\/v2\/posts"}],"about":[{"href":"https:\/\/eldiariodesanpedro.com.ar\/sitio\/wp-json\/wp\/v2\/types\/post"}],"author":[{"embeddable":true,"href":"https:\/\/eldiariodesanpedro.com.ar\/sitio\/wp-json\/wp\/v2\/users\/4"}],"replies":[{"embeddable":true,"href":"https:\/\/eldiariodesanpedro.com.ar\/sitio\/wp-json\/wp\/v2\/comments?post=12075"}],"version-history":[{"count":1,"href":"https:\/\/eldiariodesanpedro.com.ar\/sitio\/wp-json\/wp\/v2\/posts\/12075\/revisions"}],"predecessor-version":[{"id":12077,"href":"https:\/\/eldiariodesanpedro.com.ar\/sitio\/wp-json\/wp\/v2\/posts\/12075\/revisions\/12077"}],"wp:featuredmedia":[{"embeddable":true,"href":"https:\/\/eldiariodesanpedro.com.ar\/sitio\/wp-json\/wp\/v2\/media\/12076"}],"wp:attachment":[{"href":"https:\/\/eldiariodesanpedro.com.ar\/sitio\/wp-json\/wp\/v2\/media?parent=12075"}],"wp:term":[{"taxonomy":"category","embeddable":true,"href":"https:\/\/eldiariodesanpedro.com.ar\/sitio\/wp-json\/wp\/v2\/categories?post=12075"},{"taxonomy":"post_tag","embeddable":true,"href":"https:\/\/eldiariodesanpedro.com.ar\/sitio\/wp-json\/wp\/v2\/tags?post=12075"}],"curies":[{"name":"wp","href":"https:\/\/api.w.org\/{rel}","templated":true}]}}