{"id":12072,"date":"2016-12-28T14:58:07","date_gmt":"2016-12-28T17:58:07","guid":{"rendered":"https:\/\/eldiariodesanpedro.com.ar\/sitio\/?p=12072"},"modified":"2016-12-28T14:58:07","modified_gmt":"2016-12-28T17:58:07","slug":"ataba-al-nene-de-3-anos-para-poder-salir-con-su-pareja","status":"publish","type":"post","link":"https:\/\/eldiariodesanpedro.com.ar\/sitio\/ataba-al-nene-de-3-anos-para-poder-salir-con-su-pareja\/","title":{"rendered":"Ataba al nene de 3 a\u00f1os para poder salir con su pareja"},"content":{"rendered":"<p><!-- VideographyWP Plugin Message: Automatic video embedding prevented by plugin options. --><br \/>\nEste hecho aberrante fue denunciado en la jornada del martes en la Comisar\u00eda de la Mujer, quienes de forma inmediata tomaron intervenci\u00f3n junto a la polic\u00eda comunal, se allan\u00f3 el domicilio y se detuvo a una mujer y su concubino, ambos de 24 a\u00f1os.<\/p>\n<p>Ambos est\u00e1n acusados de atar con toallas al hijo de tres a\u00f1os, dej\u00e1ndolo solo y en esas condiciones, con respecto al m\u00e1s chico se desconoce hasta el momento que pasaba con \u00e9l en esos momentos.<\/p>\n<p>Ambos menores fueron llevados al Hogar del Ni\u00f1o. La pareja est\u00e1 siendo indagada en la ma\u00f1ana del mi\u00e9rcoles por la UFI N\u00ba 9 a cargo del Dr. G\u00f3mez.<br \/>\nLa caratula es abandono de persona agravado por el v\u00ednculo y privaci\u00f3n ilegal de la libertad agravada en concurso real.<\/p>\n<p>El informe de prensa de la Polic\u00eda Comunal dice lo siguiente:<br \/>\nAyer Martes, en  horas de la tarde, personal de la Comisar\u00eda de la Mujer y Familia de esta ciudad, en forma conjunta con efectivos de la Estaci\u00f3n Comunal Baradero, dando cumplimiento a la diligencia impuesta por el Juzgado de Garant\u00edas N\u00ba 3, de San Nicol\u00e1s, en actuaciones caratuladas ABANDONO DE PERSONA AGRAVADO POR EL VINCULO Y PRIVACION ILEGAL DE LA LIBERTAD AGRAVADA EN CONCURSO REAL, en la dependencia policial, se procedi\u00f3 a la detenci\u00f3n de una femenina y su concubino, ambos de 24 a\u00f1os, domiciliados en calle Serrano de esta ciudad, ya que los mismos fueran denunciados por un familiar que, mientras estos estaban ausente de su domicilio, dejaban a su hijo de 3 a\u00f1os acostado en la cama y maniatado sus extremidades con una toalla, la cual fuera secuestrada luego de efectivizarse una diligencia de allanamiento en el domicilio de dichas personas.-<\/p>\n<p>Respecto el menor y su hermano de 1 a\u00f1o, quedaron a disposici\u00f3n del servicio de promoci\u00f3n y protecci\u00f3n de los derechos del Ni\u00f1os, siendo trasladados al Hogar del Ni\u00f1o de esta ciudad.- <\/p>\n<p>FUENTE: Baradero te Informa (<a href=\"http:\/\/www.baraderoteinforma.com.ar\/\">www.baraderoteinforma.com.ar<\/a>)<\/p>\n","protected":false},"excerpt":{"rendered":"<p>Este hecho aberrante fue denunciado en la jornada del martes en la Comisar\u00eda de la Mujer, quienes de forma inmediata tomaron intervenci\u00f3n junto a la polic\u00eda comunal, se allan\u00f3 el domicilio y se detuvo a una mujer y su concubino, ambos de 24 a\u00f1os. Ambos est\u00e1n acusados de atar con toallas al hijo de tres [&hellip;]<\/p>\n","protected":false},"author":4,"featured_media":12073,"comment_status":"open","ping_status":"closed","sticky":false,"template":"","format":"standard","meta":{"om_disable_all_campaigns":false,"_jetpack_memberships_contains_paid_content":false,"footnotes":""},"categories":[50,621],"tags":[],"class_list":["post-12072","post","type-post","status-publish","format-standard","has-post-thumbnail","hentry","category-destacadas","category-regionales"],"aioseo_notices":[],"gutentor_comment":0,"jetpack_featured_media_url":"https:\/\/eldiariodesanpedro.com.ar\/sitio\/wp-content\/uploads\/2016\/12\/PAGINA-6.jpg","jetpack_shortlink":"https:\/\/wp.me\/p6RhLt-38I","jetpack_sharing_enabled":true,"_links":{"self":[{"href":"https:\/\/eldiariodesanpedro.com.ar\/sitio\/wp-json\/wp\/v2\/posts\/12072","targetHints":{"allow":["GET"]}}],"collection":[{"href":"https:\/\/eldiariodesanpedro.com.ar\/sitio\/wp-json\/wp\/v2\/posts"}],"about":[{"href":"https:\/\/eldiariodesanpedro.com.ar\/sitio\/wp-json\/wp\/v2\/types\/post"}],"author":[{"embeddable":true,"href":"https:\/\/eldiariodesanpedro.com.ar\/sitio\/wp-json\/wp\/v2\/users\/4"}],"replies":[{"embeddable":true,"href":"https:\/\/eldiariodesanpedro.com.ar\/sitio\/wp-json\/wp\/v2\/comments?post=12072"}],"version-history":[{"count":1,"href":"https:\/\/eldiariodesanpedro.com.ar\/sitio\/wp-json\/wp\/v2\/posts\/12072\/revisions"}],"predecessor-version":[{"id":12074,"href":"https:\/\/eldiariodesanpedro.com.ar\/sitio\/wp-json\/wp\/v2\/posts\/12072\/revisions\/12074"}],"wp:featuredmedia":[{"embeddable":true,"href":"https:\/\/eldiariodesanpedro.com.ar\/sitio\/wp-json\/wp\/v2\/media\/12073"}],"wp:attachment":[{"href":"https:\/\/eldiariodesanpedro.com.ar\/sitio\/wp-json\/wp\/v2\/media?parent=12072"}],"wp:term":[{"taxonomy":"category","embeddable":true,"href":"https:\/\/eldiariodesanpedro.com.ar\/sitio\/wp-json\/wp\/v2\/categories?post=12072"},{"taxonomy":"post_tag","embeddable":true,"href":"https:\/\/eldiariodesanpedro.com.ar\/sitio\/wp-json\/wp\/v2\/tags?post=12072"}],"curies":[{"name":"wp","href":"https:\/\/api.w.org\/{rel}","templated":true}]}}