{"id":120642,"date":"2023-07-20T11:52:56","date_gmt":"2023-07-20T14:52:56","guid":{"rendered":"https:\/\/eldiariodesanpedro.com.ar\/sitio\/?p=120642"},"modified":"2026-01-24T00:54:57","modified_gmt":"2026-01-24T03:54:57","slug":"fallecio-esther-maria-romagnano-de-84-anos-de-edad","status":"publish","type":"post","link":"https:\/\/eldiariodesanpedro.com.ar\/sitio\/fallecio-esther-maria-romagnano-de-84-anos-de-edad\/","title":{"rendered":"Falleci\u00f3 Esther Mar\u00eda Romagnano de 84 a\u00f1os de edad"},"content":{"rendered":"<!-- VideographyWP Plugin Message: Automatic video embedding prevented by plugin options. -->\n\n<p>Se informa el fallecimiento de Esther Mar\u00eda Romagnano de 84 a\u00f1os de edad, el velatoria se realizo en la sala velatoria N\u00ba 2.<\/p>\n\n\n\n<p>El sepelio se llev\u00f3 a cabo este jueves 20 de julio a partir de las 11 hs y sus restos fueron inhumados en el cementerio Campana Municipal.<\/p>\n","protected":false},"excerpt":{"rendered":"<p>Se informa el fallecimiento de Esther Mar\u00eda Romagnano de 84 a\u00f1os de edad, el velatoria se realizo en la sala velatoria N\u00ba 2. El sepelio se llev\u00f3 a cabo este jueves 20 de julio a partir de las 11 hs y sus restos fueron inhumados en el cementerio Campana Municipal.<\/p>\n","protected":false},"author":4,"featured_media":113757,"comment_status":"closed","ping_status":"closed","sticky":false,"template":"","format":"standard","meta":{"om_disable_all_campaigns":false,"_jetpack_memberships_contains_paid_content":false,"footnotes":""},"categories":[8424],"tags":[4371],"class_list":["post-120642","post","type-post","status-publish","format-standard","has-post-thumbnail","hentry","category-necrologicas","tag-fallecio-esther-maria-romagnano-de-84-anos-de-edad"],"aioseo_notices":[],"gutentor_comment":0,"jetpack_featured_media_url":"https:\/\/eldiariodesanpedro.com.ar\/sitio\/wp-content\/uploads\/2023\/01\/necrologicas.jpg","jetpack_shortlink":"https:\/\/wp.me\/p6RhLt-vnQ","jetpack_sharing_enabled":true,"_links":{"self":[{"href":"https:\/\/eldiariodesanpedro.com.ar\/sitio\/wp-json\/wp\/v2\/posts\/120642","targetHints":{"allow":["GET"]}}],"collection":[{"href":"https:\/\/eldiariodesanpedro.com.ar\/sitio\/wp-json\/wp\/v2\/posts"}],"about":[{"href":"https:\/\/eldiariodesanpedro.com.ar\/sitio\/wp-json\/wp\/v2\/types\/post"}],"author":[{"embeddable":true,"href":"https:\/\/eldiariodesanpedro.com.ar\/sitio\/wp-json\/wp\/v2\/users\/4"}],"replies":[{"embeddable":true,"href":"https:\/\/eldiariodesanpedro.com.ar\/sitio\/wp-json\/wp\/v2\/comments?post=120642"}],"version-history":[{"count":1,"href":"https:\/\/eldiariodesanpedro.com.ar\/sitio\/wp-json\/wp\/v2\/posts\/120642\/revisions"}],"predecessor-version":[{"id":120643,"href":"https:\/\/eldiariodesanpedro.com.ar\/sitio\/wp-json\/wp\/v2\/posts\/120642\/revisions\/120643"}],"wp:featuredmedia":[{"embeddable":true,"href":"https:\/\/eldiariodesanpedro.com.ar\/sitio\/wp-json\/wp\/v2\/media\/113757"}],"wp:attachment":[{"href":"https:\/\/eldiariodesanpedro.com.ar\/sitio\/wp-json\/wp\/v2\/media?parent=120642"}],"wp:term":[{"taxonomy":"category","embeddable":true,"href":"https:\/\/eldiariodesanpedro.com.ar\/sitio\/wp-json\/wp\/v2\/categories?post=120642"},{"taxonomy":"post_tag","embeddable":true,"href":"https:\/\/eldiariodesanpedro.com.ar\/sitio\/wp-json\/wp\/v2\/tags?post=120642"}],"curies":[{"name":"wp","href":"https:\/\/api.w.org\/{rel}","templated":true}]}}