{"id":120056,"date":"2023-07-04T11:11:47","date_gmt":"2023-07-04T14:11:47","guid":{"rendered":"https:\/\/eldiariodesanpedro.com.ar\/sitio\/?p=120056"},"modified":"2023-07-04T11:11:49","modified_gmt":"2023-07-04T14:11:49","slug":"edicto-de-de-sucesion-de-ruf-adriana-noemi","status":"publish","type":"post","link":"https:\/\/eldiariodesanpedro.com.ar\/sitio\/edicto-de-de-sucesion-de-ruf-adriana-noemi\/","title":{"rendered":"Edicto de de Sucesi\u00f3n de Ruf Adriana Noemi"},"content":{"rendered":"<!-- VideographyWP Plugin Message: Automatic video embedding prevented by plugin options. -->\n\n<p>El Juzgado en lo Civil y Comercial N\u00b0 5 del Departamento Judicial de San Nicol\u00e1s a cargo del Dr. Jos\u00e9 Ignacio Ondarcuhu, Secretar\u00eda a cargo del Dr. Dar\u00edo Javier Paro cita y emplaza por treinta d\u00edas a herederos y acreedores de <strong>Ruf Adriana Noemi<\/strong>.- San Nicol\u00e1s, 9 de Junio de 2023<\/p>\n\n\n\n<p>BLUHN LEONARDO<br>ABOGADO SECRETARIO<\/p>\n\n\n\n<p>(Publicaci\u00f3n V\u00e1lida por el d\u00eda 04, 05 y 06 de Julio de 2023)<br><a href=\"https:\/\/notificaciones.scba.gov.ar\/verificarnotificacion.aspx?codNotif=P9LF8X\">https:\/\/notificaciones.scba.gov.ar\/verificarnotificacion.aspx?codNotif=P9LF8X<\/a><\/p>\n","protected":false},"excerpt":{"rendered":"<p>El Juzgado en lo Civil y Comercial N\u00b0 5 del Departamento Judicial de San Nicol\u00e1s a cargo del Dr. Jos\u00e9 Ignacio Ondarcuhu, Secretar\u00eda a cargo del Dr. Dar\u00edo Javier Paro cita y emplaza por treinta d\u00edas a herederos y acreedores de Ruf Adriana Noemi.- San Nicol\u00e1s, 9 de Junio de 2023 BLUHN LEONARDOABOGADO SECRETARIO (Publicaci\u00f3n [&hellip;]<\/p>\n","protected":false},"author":4,"featured_media":102746,"comment_status":"closed","ping_status":"closed","sticky":false,"template":"","format":"standard","meta":{"om_disable_all_campaigns":false,"_jetpack_memberships_contains_paid_content":false,"footnotes":""},"categories":[676,677],"tags":[197,1121,4321,1355,19],"class_list":["post-120056","post","type-post","status-publish","format-standard","has-post-thumbnail","hentry","category-edictos","category-edictos-sucesorios","tag-buenos-aires","tag-edicto","tag-edicto-de-de-sucesion-de-ruf-adriana-noemi","tag-judiciales","tag-san-pedro"],"aioseo_notices":[],"gutentor_comment":0,"jetpack_featured_media_url":"https:\/\/eldiariodesanpedro.com.ar\/sitio\/wp-content\/uploads\/2022\/01\/EDICTO.jpg","jetpack_shortlink":"https:\/\/wp.me\/p6RhLt-veo","jetpack_sharing_enabled":true,"_links":{"self":[{"href":"https:\/\/eldiariodesanpedro.com.ar\/sitio\/wp-json\/wp\/v2\/posts\/120056","targetHints":{"allow":["GET"]}}],"collection":[{"href":"https:\/\/eldiariodesanpedro.com.ar\/sitio\/wp-json\/wp\/v2\/posts"}],"about":[{"href":"https:\/\/eldiariodesanpedro.com.ar\/sitio\/wp-json\/wp\/v2\/types\/post"}],"author":[{"embeddable":true,"href":"https:\/\/eldiariodesanpedro.com.ar\/sitio\/wp-json\/wp\/v2\/users\/4"}],"replies":[{"embeddable":true,"href":"https:\/\/eldiariodesanpedro.com.ar\/sitio\/wp-json\/wp\/v2\/comments?post=120056"}],"version-history":[{"count":1,"href":"https:\/\/eldiariodesanpedro.com.ar\/sitio\/wp-json\/wp\/v2\/posts\/120056\/revisions"}],"predecessor-version":[{"id":120057,"href":"https:\/\/eldiariodesanpedro.com.ar\/sitio\/wp-json\/wp\/v2\/posts\/120056\/revisions\/120057"}],"wp:featuredmedia":[{"embeddable":true,"href":"https:\/\/eldiariodesanpedro.com.ar\/sitio\/wp-json\/wp\/v2\/media\/102746"}],"wp:attachment":[{"href":"https:\/\/eldiariodesanpedro.com.ar\/sitio\/wp-json\/wp\/v2\/media?parent=120056"}],"wp:term":[{"taxonomy":"category","embeddable":true,"href":"https:\/\/eldiariodesanpedro.com.ar\/sitio\/wp-json\/wp\/v2\/categories?post=120056"},{"taxonomy":"post_tag","embeddable":true,"href":"https:\/\/eldiariodesanpedro.com.ar\/sitio\/wp-json\/wp\/v2\/tags?post=120056"}],"curies":[{"name":"wp","href":"https:\/\/api.w.org\/{rel}","templated":true}]}}