{"id":119196,"date":"2023-06-09T21:07:06","date_gmt":"2023-06-10T00:07:06","guid":{"rendered":"https:\/\/eldiariodesanpedro.com.ar\/sitio\/?p=119196"},"modified":"2023-06-09T21:07:09","modified_gmt":"2023-06-10T00:07:09","slug":"la-salud-mental-un-tema-delicado-y-urgente-en-san-pedro","status":"publish","type":"post","link":"https:\/\/eldiariodesanpedro.com.ar\/sitio\/la-salud-mental-un-tema-delicado-y-urgente-en-san-pedro\/","title":{"rendered":"La salud mental, un tema delicado y urgente en San Pedro"},"content":{"rendered":"<!-- VideographyWP Plugin Message: Automatic video embedding prevented by plugin options. -->\n\n<p>Tres personas se quitaron la vida en menos de 72 horas en la ciudad, lo que evidencia la necesidad de abordar esta problem\u00e1tica que afecta a muchas familias sampedrinas. La Dra. Juliana Pellegrini, psiquiatra y referente en el tema, habl\u00f3 con San Pedro Informa y FM G\u00e9nesis sobre c\u00f3mo prevenir y concientizar sobre el suicidio.<\/p>\n\n\n\n<p>El suicidio es una de las principales causas de muerte en el mundo y tambi\u00e9n en San Pedro, donde el \u00faltimo fin de semana se registraron tres casos en un lapso de 72 horas. Esta situaci\u00f3n vuelve a poner en evidencia la importancia de hablar y actuar sobre la salud mental, un tema delicado y urgente que requiere de la atenci\u00f3n y el compromiso de toda la sociedad.<\/p>\n\n\n\n<p>La Dra. Juliana Pellegrini, psiquiatra y referente en el tema en la ciudad, brind\u00f3 una entrevista a San Pedro Informa y FM G\u00e9nesis, donde dio su visi\u00f3n sobre esta problem\u00e1tica y ofreci\u00f3 algunos consejos para prevenir y concientizar sobre el suicidio.<\/p>\n\n\n\n<p>\u201cEl de los suicidios es un tema extremadamente delicado y es lo que venimos charlando entre los colegas\u201d, se\u00f1al\u00f3 la doctora Pellegrini, quien destac\u00f3 el rol de los medios de comunicaci\u00f3n a la hora de difundir informaci\u00f3n sobre este tema. \u201cDebemos hablar de suicidios pero de una manera responsable y adecuada, sin dar detalles innecesarios ni generar morbo o sensacionalismo\u201d, explic\u00f3.<\/p>\n\n\n\n<p>La psiquiatra tambi\u00e9n se refiri\u00f3 al uso de las redes sociales, donde muchas veces se comparten mensajes o im\u00e1genes que pueden afectar a las personas que est\u00e1n sufriendo o que tienen pensamientos suicidas. \u201cEl tema es que uno debe ser responsable como sociedad y uno puede entender que cuando pasa algo lo expresa en ese momento pero hay que tener en cuenta que a veces se hacen comentarios que no colaboran con la persona que est\u00e1 sufriendo\u201d, remarc\u00f3.<\/p>\n\n\n\n<p>Pellegrini indic\u00f3 que es fundamental generar espacios de escucha y contenci\u00f3n para las personas que atraviesan una crisis emocional o que tienen riesgo de suicidio. Asimismo, recomend\u00f3 buscar ayuda profesional ante cualquier se\u00f1al de alarma, como cambios de humor, aislamiento, p\u00e9rdida de inter\u00e9s o ideaci\u00f3n suicida.<\/p>\n\n\n\n<p>\u201cLa idea es que se pueda hablar del tema y concientizar sobre distintos aspectos para que esto no vuelva a suceder\u201d, concluy\u00f3 la doctora Pellegrini, quien invit\u00f3 a los interesados a contactarse con el Centro de Salud Mental de San Pedro o con la l\u00ednea gratuita 135 del Centro de Asistencia al Suicida.<\/p>\n","protected":false},"excerpt":{"rendered":"<p>Tres personas se quitaron la vida en menos de 72 horas en la ciudad, lo que evidencia la necesidad de abordar esta problem\u00e1tica que afecta a muchas familias sampedrinas. La Dra. Juliana Pellegrini, psiquiatra y referente en el tema, habl\u00f3 con San Pedro Informa y FM G\u00e9nesis sobre c\u00f3mo prevenir y concientizar sobre el suicidio. [&hellip;]<\/p>\n","protected":false},"author":4,"featured_media":119197,"comment_status":"closed","ping_status":"closed","sticky":false,"template":"","format":"standard","meta":{"om_disable_all_campaigns":false,"_jetpack_memberships_contains_paid_content":false,"footnotes":""},"categories":[50,101,2],"tags":[197,696,33,19],"class_list":["post-119196","post","type-post","status-publish","format-standard","has-post-thumbnail","hentry","category-destacadas","category-interes-general-locales","category-locales","tag-buenos-aires","tag-interes-general","tag-locales","tag-san-pedro"],"aioseo_notices":[],"gutentor_comment":0,"jetpack_featured_media_url":"https:\/\/eldiariodesanpedro.com.ar\/sitio\/wp-content\/uploads\/2023\/06\/triste.png","jetpack_shortlink":"https:\/\/wp.me\/p6RhLt-v0w","jetpack_sharing_enabled":true,"_links":{"self":[{"href":"https:\/\/eldiariodesanpedro.com.ar\/sitio\/wp-json\/wp\/v2\/posts\/119196","targetHints":{"allow":["GET"]}}],"collection":[{"href":"https:\/\/eldiariodesanpedro.com.ar\/sitio\/wp-json\/wp\/v2\/posts"}],"about":[{"href":"https:\/\/eldiariodesanpedro.com.ar\/sitio\/wp-json\/wp\/v2\/types\/post"}],"author":[{"embeddable":true,"href":"https:\/\/eldiariodesanpedro.com.ar\/sitio\/wp-json\/wp\/v2\/users\/4"}],"replies":[{"embeddable":true,"href":"https:\/\/eldiariodesanpedro.com.ar\/sitio\/wp-json\/wp\/v2\/comments?post=119196"}],"version-history":[{"count":1,"href":"https:\/\/eldiariodesanpedro.com.ar\/sitio\/wp-json\/wp\/v2\/posts\/119196\/revisions"}],"predecessor-version":[{"id":119198,"href":"https:\/\/eldiariodesanpedro.com.ar\/sitio\/wp-json\/wp\/v2\/posts\/119196\/revisions\/119198"}],"wp:featuredmedia":[{"embeddable":true,"href":"https:\/\/eldiariodesanpedro.com.ar\/sitio\/wp-json\/wp\/v2\/media\/119197"}],"wp:attachment":[{"href":"https:\/\/eldiariodesanpedro.com.ar\/sitio\/wp-json\/wp\/v2\/media?parent=119196"}],"wp:term":[{"taxonomy":"category","embeddable":true,"href":"https:\/\/eldiariodesanpedro.com.ar\/sitio\/wp-json\/wp\/v2\/categories?post=119196"},{"taxonomy":"post_tag","embeddable":true,"href":"https:\/\/eldiariodesanpedro.com.ar\/sitio\/wp-json\/wp\/v2\/tags?post=119196"}],"curies":[{"name":"wp","href":"https:\/\/api.w.org\/{rel}","templated":true}]}}