{"id":119194,"date":"2023-06-09T20:26:41","date_gmt":"2023-06-09T23:26:41","guid":{"rendered":"https:\/\/eldiariodesanpedro.com.ar\/sitio\/?p=119194"},"modified":"2023-06-09T20:26:43","modified_gmt":"2023-06-09T23:26:43","slug":"acusados-de-homicidio-en-villa-igoillo-abogado-defensor-asegura-que-su-cliente-solo-queria-recuperar-un-terreno","status":"publish","type":"post","link":"https:\/\/eldiariodesanpedro.com.ar\/sitio\/acusados-de-homicidio-en-villa-igoillo-abogado-defensor-asegura-que-su-cliente-solo-queria-recuperar-un-terreno\/","title":{"rendered":"Acusados de homicidio en Villa Igoillo: Abogado defensor asegura que su cliente solo quer\u00eda recuperar un terreno"},"content":{"rendered":"<!-- VideographyWP Plugin Message: Automatic video embedding prevented by plugin options. -->\n\n<p>Cinco individuos acusados de homicidio se encuentran actualmente alojados en una unidad penal del Servicio Penitenciario Bonaerense. En relaci\u00f3n a este caso, el abogado defensor de uno de los imputados ha salido a dar su versi\u00f3n de los hechos y aclarar la situaci\u00f3n de su defendido.<\/p>\n\n\n\n<p>El abogado Hugo Lima representa a Ricardo \u00abRicky\u00bb Ontivero, un hombre de 47 a\u00f1os sospechoso de haber enviado a otras personas para que \u00abapretaran\u00bb a la v\u00edctima, lo cual lamentablemente result\u00f3 en su muerte. El abogado nicole\u00f1o asegura que su defendido nunca tuvo la intenci\u00f3n de matar a Adolfo Vallejos, sino que simplemente hab\u00eda hablado con algunas de las personas involucradas para que lo ayudaran a sacarlo del lugar.<\/p>\n\n\n\n<p>En una entrevista con FM G\u00e9nesis y San Pedro Informa, Lima declar\u00f3: \u00abSer\u00eda muy injusto imputar a Ontivero por homicidio. \u00c9l era el propietario del terreno y solo quer\u00eda recuperarlo debido a que era una herencia, pero nunca tuvo la intenci\u00f3n de causarle da\u00f1o\u00bb. El abogado tambi\u00e9n agreg\u00f3: \u00abLa masa con la que agredieron a la v\u00edctima fue llevada para romper el candado de la puerta\u00bb.<\/p>\n\n\n\n<p>Lima afirm\u00f3 que su defendido le coment\u00f3 que no estaba presente en el lugar del hecho, por lo que planea solicitar su arresto domiciliario. Seg\u00fan el abogado, Ontivero es una persona trabajadora sin antecedentes penales y adem\u00e1s se encuentra en mal estado de salud, por lo que toda esta situaci\u00f3n ha afectado su bienestar.<\/p>\n\n\n\n<p>Adem\u00e1s de Ontivero, permanecen detenidos Juan Ju\u00e1rez de 43 a\u00f1os, Mat\u00edas Thaiel de 24, Carlos Mart\u00ednez de 60 y Jes\u00fas Montaldi de 27 a\u00f1os, todos ellos implicados en el caso. El tr\u00e1gico suceso ocurri\u00f3 el 13 de mayo, cuando este grupo de personas se aproxim\u00f3 al domicilio de Vallejos en el barrio Villa Igoillo, ubicado en la intersecci\u00f3n de las calles Gardel y Molina. Lamentablemente, tras intentar sacarlo del predio por la fuerza, terminaron asesin\u00e1ndolo con un corte efectuado con un objeto punzante que ingres\u00f3 por el lado derecho de su rostro.<\/p>\n","protected":false},"excerpt":{"rendered":"<p>Cinco individuos acusados de homicidio se encuentran actualmente alojados en una unidad penal del Servicio Penitenciario Bonaerense. En relaci\u00f3n a este caso, el abogado defensor de uno de los imputados ha salido a dar su versi\u00f3n de los hechos y aclarar la situaci\u00f3n de su defendido. El abogado Hugo Lima representa a Ricardo \u00abRicky\u00bb Ontivero, [&hellip;]<\/p>\n","protected":false},"author":4,"featured_media":118365,"comment_status":"closed","ping_status":"closed","sticky":false,"template":"","format":"standard","meta":{"om_disable_all_campaigns":false,"_jetpack_memberships_contains_paid_content":false,"footnotes":""},"categories":[50,101,2],"tags":[197,696,33,19],"class_list":["post-119194","post","type-post","status-publish","format-standard","has-post-thumbnail","hentry","category-destacadas","category-interes-general-locales","category-locales","tag-buenos-aires","tag-interes-general","tag-locales","tag-san-pedro"],"aioseo_notices":[],"gutentor_comment":0,"jetpack_featured_media_url":"https:\/\/eldiariodesanpedro.com.ar\/sitio\/wp-content\/uploads\/2023\/05\/medida-36.png","jetpack_shortlink":"https:\/\/wp.me\/p6RhLt-v0u","jetpack_sharing_enabled":true,"_links":{"self":[{"href":"https:\/\/eldiariodesanpedro.com.ar\/sitio\/wp-json\/wp\/v2\/posts\/119194","targetHints":{"allow":["GET"]}}],"collection":[{"href":"https:\/\/eldiariodesanpedro.com.ar\/sitio\/wp-json\/wp\/v2\/posts"}],"about":[{"href":"https:\/\/eldiariodesanpedro.com.ar\/sitio\/wp-json\/wp\/v2\/types\/post"}],"author":[{"embeddable":true,"href":"https:\/\/eldiariodesanpedro.com.ar\/sitio\/wp-json\/wp\/v2\/users\/4"}],"replies":[{"embeddable":true,"href":"https:\/\/eldiariodesanpedro.com.ar\/sitio\/wp-json\/wp\/v2\/comments?post=119194"}],"version-history":[{"count":1,"href":"https:\/\/eldiariodesanpedro.com.ar\/sitio\/wp-json\/wp\/v2\/posts\/119194\/revisions"}],"predecessor-version":[{"id":119195,"href":"https:\/\/eldiariodesanpedro.com.ar\/sitio\/wp-json\/wp\/v2\/posts\/119194\/revisions\/119195"}],"wp:featuredmedia":[{"embeddable":true,"href":"https:\/\/eldiariodesanpedro.com.ar\/sitio\/wp-json\/wp\/v2\/media\/118365"}],"wp:attachment":[{"href":"https:\/\/eldiariodesanpedro.com.ar\/sitio\/wp-json\/wp\/v2\/media?parent=119194"}],"wp:term":[{"taxonomy":"category","embeddable":true,"href":"https:\/\/eldiariodesanpedro.com.ar\/sitio\/wp-json\/wp\/v2\/categories?post=119194"},{"taxonomy":"post_tag","embeddable":true,"href":"https:\/\/eldiariodesanpedro.com.ar\/sitio\/wp-json\/wp\/v2\/tags?post=119194"}],"curies":[{"name":"wp","href":"https:\/\/api.w.org\/{rel}","templated":true}]}}