{"id":119191,"date":"2023-06-09T20:05:31","date_gmt":"2023-06-09T23:05:31","guid":{"rendered":"https:\/\/eldiariodesanpedro.com.ar\/sitio\/?p=119191"},"modified":"2023-06-09T20:05:33","modified_gmt":"2023-06-09T23:05:33","slug":"nuevo-horario-para-carga-y-descarga-de-mercaderias-en-el-centro","status":"publish","type":"post","link":"https:\/\/eldiariodesanpedro.com.ar\/sitio\/nuevo-horario-para-carga-y-descarga-de-mercaderias-en-el-centro\/","title":{"rendered":"Nuevo horario para carga y descarga de mercader\u00edas en el centro"},"content":{"rendered":"<!-- VideographyWP Plugin Message: Automatic video embedding prevented by plugin options. -->\n\n<p>El Concejo Deliberante de San Pedro aprob\u00f3 una nueva normativa que busca ordenar el tr\u00e1nsito y la circulaci\u00f3n de mercader\u00edas en la zona c\u00e9ntrica de la ciudad. La ordenanza establece los horarios, las zonas y las condiciones para la carga, descarga y reparto de productos en el \u00e1rea comprendida entre las calles Belgrano, Rivadavia, Boulevard Paran\u00e1\/Atte. Brown y Caseros\/Gral. Alvarado.<\/p>\n\n\n\n<p>La iniciativa fue impulsada por el bloque de Juntos y cont\u00f3 con el apoyo de las dem\u00e1s bancadas que integran el cuerpo legislativo. El proyecto fue tratado y aprobado en la Comisi\u00f3n de Planeamiento, Obras y Ocupaci\u00f3n del Suelo, donde se analizaron los beneficios y los desaf\u00edos de la propuesta.<\/p>\n\n\n\n<p>Seg\u00fan la ordenanza, el horario para realizar la carga y descarga de mercader\u00edas ser\u00e1 de 5 a 10 horas por la ma\u00f1ana y de 13 a 17 horas por la tarde. Adem\u00e1s, solo se podr\u00e1 estacionar en las d\u00e1rsenas que se habilitar\u00e1n en los primeros 30 metros de cada cuadra, respetando las normas de tr\u00e1nsito vigentes.<\/p>\n\n\n\n<p>Asimismo, se proh\u00edbe depositar mercader\u00eda en la calzada fuera de los horarios establecidos, debiendo los responsables limpiar el lugar utilizado una vez finalizada la tarea. La ordenanza tambi\u00e9n prev\u00e9 sanciones para quienes incumplan con lo dispuesto.<\/p>\n\n\n\n<p>Quedar\u00e1n exceptuados de la regulaci\u00f3n la entrega de paquetes o carga menor que pueda ser transportada por una persona en forma manual, en veh\u00edculos livianos correctamente estacionados, siempre que no se obstaculice el tr\u00e1nsito peatonal en la acera. Tambi\u00e9n estar\u00e1n exentos los equipos de salvamento que deban realizar trabajos de emergencia, los servicios f\u00fanebres y el transporte de pasajeros.<\/p>\n\n\n\n<p>La nueva ordenanza busca mejorar la movilidad urbana, la seguridad vial y la calidad ambiental en el centro de San Pedro, donde se concentra gran parte de la actividad comercial y administrativa de la ciudad. Los concejales esperan que la normativa sea respetada por todos los sectores involucrados y que contribuya al desarrollo local.<\/p>\n","protected":false},"excerpt":{"rendered":"<p>El Concejo Deliberante de San Pedro aprob\u00f3 una nueva normativa que busca ordenar el tr\u00e1nsito y la circulaci\u00f3n de mercader\u00edas en la zona c\u00e9ntrica de la ciudad. La ordenanza establece los horarios, las zonas y las condiciones para la carga, descarga y reparto de productos en el \u00e1rea comprendida entre las calles Belgrano, Rivadavia, Boulevard [&hellip;]<\/p>\n","protected":false},"author":4,"featured_media":119192,"comment_status":"closed","ping_status":"closed","sticky":false,"template":"","format":"standard","meta":{"om_disable_all_campaigns":false,"_jetpack_memberships_contains_paid_content":false,"footnotes":""},"categories":[50,101,2],"tags":[197,696,33,19],"class_list":["post-119191","post","type-post","status-publish","format-standard","has-post-thumbnail","hentry","category-destacadas","category-interes-general-locales","category-locales","tag-buenos-aires","tag-interes-general","tag-locales","tag-san-pedro"],"aioseo_notices":[],"gutentor_comment":0,"jetpack_featured_media_url":"https:\/\/eldiariodesanpedro.com.ar\/sitio\/wp-content\/uploads\/2023\/06\/carga-descarga-camion5.jpg","jetpack_shortlink":"https:\/\/wp.me\/p6RhLt-v0r","jetpack_sharing_enabled":true,"_links":{"self":[{"href":"https:\/\/eldiariodesanpedro.com.ar\/sitio\/wp-json\/wp\/v2\/posts\/119191","targetHints":{"allow":["GET"]}}],"collection":[{"href":"https:\/\/eldiariodesanpedro.com.ar\/sitio\/wp-json\/wp\/v2\/posts"}],"about":[{"href":"https:\/\/eldiariodesanpedro.com.ar\/sitio\/wp-json\/wp\/v2\/types\/post"}],"author":[{"embeddable":true,"href":"https:\/\/eldiariodesanpedro.com.ar\/sitio\/wp-json\/wp\/v2\/users\/4"}],"replies":[{"embeddable":true,"href":"https:\/\/eldiariodesanpedro.com.ar\/sitio\/wp-json\/wp\/v2\/comments?post=119191"}],"version-history":[{"count":1,"href":"https:\/\/eldiariodesanpedro.com.ar\/sitio\/wp-json\/wp\/v2\/posts\/119191\/revisions"}],"predecessor-version":[{"id":119193,"href":"https:\/\/eldiariodesanpedro.com.ar\/sitio\/wp-json\/wp\/v2\/posts\/119191\/revisions\/119193"}],"wp:featuredmedia":[{"embeddable":true,"href":"https:\/\/eldiariodesanpedro.com.ar\/sitio\/wp-json\/wp\/v2\/media\/119192"}],"wp:attachment":[{"href":"https:\/\/eldiariodesanpedro.com.ar\/sitio\/wp-json\/wp\/v2\/media?parent=119191"}],"wp:term":[{"taxonomy":"category","embeddable":true,"href":"https:\/\/eldiariodesanpedro.com.ar\/sitio\/wp-json\/wp\/v2\/categories?post=119191"},{"taxonomy":"post_tag","embeddable":true,"href":"https:\/\/eldiariodesanpedro.com.ar\/sitio\/wp-json\/wp\/v2\/tags?post=119191"}],"curies":[{"name":"wp","href":"https:\/\/api.w.org\/{rel}","templated":true}]}}