{"id":119183,"date":"2023-06-09T19:51:13","date_gmt":"2023-06-09T22:51:13","guid":{"rendered":"https:\/\/eldiariodesanpedro.com.ar\/sitio\/?p=119183"},"modified":"2023-06-09T19:51:15","modified_gmt":"2023-06-09T22:51:15","slug":"entrega-de-jubilaciones-para-los-inscriptos-al-plan-de-pago-de-deuda-previsional","status":"publish","type":"post","link":"https:\/\/eldiariodesanpedro.com.ar\/sitio\/entrega-de-jubilaciones-para-los-inscriptos-al-plan-de-pago-de-deuda-previsional\/","title":{"rendered":"Entrega de jubilaciones para los inscriptos al Plan de Pago de Deuda Previsional"},"content":{"rendered":"<!-- VideographyWP Plugin Message: Automatic video embedding prevented by plugin options. -->\n\n<p>La Administraci\u00f3n Nacional de la Seguridad Social (ANSES) llev\u00f3 a cabo este viernes en Mansa Lyfe una jornada de entrega de jubilaciones para aquellas personas, inscriptas en el plan de pago de deuda provisional, que ya alcanzaron la edad jubilatoria y que no cuentan con los 30 a\u00f1os de aportes requeridos.<\/p>\n\n\n\n<p>El acto cont\u00f3 con la participaci\u00f3n del Intendente Cecilio Salazar, quien comparti\u00f3 un almuerzo organizado para los adultos mayores junto al Secretario General de ANSES, Santiago Fraschina; la Jefa de la UDAI San Pedro de ANSES, Tamara Vlaeminck y la titular del PAMI, Cecilia V\u00e1zquez.<\/p>\n\n\n\n<p>El plan de pago de deuda previsional fue lanzado por el organismo para aquellas personas que alcanzaron la edad jubilatoria (Mujeres de 60 a\u00f1os o m\u00e1s y varones de 65 a\u00f1os o m\u00e1s) y que no cuentan con los 30 a\u00f1os de aportes requeridos para acceder al derecho a una jubilaci\u00f3n. A trav\u00e9s de este programa pueden regularizar su deuda de aportes previsionales, completando los per\u00edodos de aportes faltantes hasta diciembre de 2008 inclusive, que se descontar\u00e1n mensualmente de\u00a0la\u00a0jubilaci\u00f3n.<\/p>\n\n\n\n<figure class=\"wp-block-image size-large\"><img decoding=\"async\" width=\"1024\" height=\"494\" data-attachment-id=\"119184\" data-permalink=\"https:\/\/eldiariodesanpedro.com.ar\/sitio\/entrega-de-jubilaciones-para-los-inscriptos-al-plan-de-pago-de-deuda-previsional\/imagen-de-whatsapp-2023-06-09-a-las-16-24-37\/\" data-orig-file=\"https:\/\/eldiariodesanpedro.com.ar\/sitio\/wp-content\/uploads\/2023\/06\/Imagen-de-WhatsApp-2023-06-09-a-las-16.24.37.jpg\" data-orig-size=\"1200,579\" data-comments-opened=\"0\" data-image-meta=\"{&quot;aperture&quot;:&quot;0&quot;,&quot;credit&quot;:&quot;&quot;,&quot;camera&quot;:&quot;&quot;,&quot;caption&quot;:&quot;&quot;,&quot;created_timestamp&quot;:&quot;0&quot;,&quot;copyright&quot;:&quot;&quot;,&quot;focal_length&quot;:&quot;0&quot;,&quot;iso&quot;:&quot;0&quot;,&quot;shutter_speed&quot;:&quot;0&quot;,&quot;title&quot;:&quot;&quot;,&quot;orientation&quot;:&quot;0&quot;}\" data-image-title=\"Imagen de WhatsApp 2023-06-09 a las 16.24.37\" data-image-description=\"\" data-image-caption=\"\" data-large-file=\"https:\/\/eldiariodesanpedro.com.ar\/sitio\/wp-content\/uploads\/2023\/06\/Imagen-de-WhatsApp-2023-06-09-a-las-16.24.37-1024x494.jpg\" data-src=\"https:\/\/eldiariodesanpedro.com.ar\/sitio\/wp-content\/uploads\/2023\/06\/Imagen-de-WhatsApp-2023-06-09-a-las-16.24.37-1024x494.jpg\" alt=\"\" class=\"wp-image-119184 lazyload\" data-srcset=\"https:\/\/eldiariodesanpedro.com.ar\/sitio\/wp-content\/uploads\/2023\/06\/Imagen-de-WhatsApp-2023-06-09-a-las-16.24.37-1024x494.jpg 1024w, https:\/\/eldiariodesanpedro.com.ar\/sitio\/wp-content\/uploads\/2023\/06\/Imagen-de-WhatsApp-2023-06-09-a-las-16.24.37-300x145.jpg 300w, https:\/\/eldiariodesanpedro.com.ar\/sitio\/wp-content\/uploads\/2023\/06\/Imagen-de-WhatsApp-2023-06-09-a-las-16.24.37-768x371.jpg 768w, https:\/\/eldiariodesanpedro.com.ar\/sitio\/wp-content\/uploads\/2023\/06\/Imagen-de-WhatsApp-2023-06-09-a-las-16.24.37.jpg 1200w\" data-sizes=\"(max-width: 1024px) 100vw, 1024px\" src=\"data:image\/svg+xml;base64,PHN2ZyB3aWR0aD0iMSIgaGVpZ2h0PSIxIiB4bWxucz0iaHR0cDovL3d3dy53My5vcmcvMjAwMC9zdmciPjwvc3ZnPg==\" style=\"--smush-placeholder-width: 1024px; --smush-placeholder-aspect-ratio: 1024\/494;\" \/><\/figure>\n\n\n\n<figure class=\"wp-block-image size-full\"><img decoding=\"async\" width=\"896\" height=\"630\" data-attachment-id=\"119188\" data-permalink=\"https:\/\/eldiariodesanpedro.com.ar\/sitio\/entrega-de-jubilaciones-para-los-inscriptos-al-plan-de-pago-de-deuda-previsional\/imagen-de-whatsapp-2023-06-09-a-las-16-24-44\/\" data-orig-file=\"https:\/\/eldiariodesanpedro.com.ar\/sitio\/wp-content\/uploads\/2023\/06\/Imagen-de-WhatsApp-2023-06-09-a-las-16.24.44.jpg\" data-orig-size=\"896,630\" data-comments-opened=\"0\" data-image-meta=\"{&quot;aperture&quot;:&quot;0&quot;,&quot;credit&quot;:&quot;&quot;,&quot;camera&quot;:&quot;&quot;,&quot;caption&quot;:&quot;&quot;,&quot;created_timestamp&quot;:&quot;0&quot;,&quot;copyright&quot;:&quot;&quot;,&quot;focal_length&quot;:&quot;0&quot;,&quot;iso&quot;:&quot;0&quot;,&quot;shutter_speed&quot;:&quot;0&quot;,&quot;title&quot;:&quot;&quot;,&quot;orientation&quot;:&quot;0&quot;}\" data-image-title=\"Imagen de WhatsApp 2023-06-09 a las 16.24.44\" data-image-description=\"\" data-image-caption=\"\" data-large-file=\"https:\/\/eldiariodesanpedro.com.ar\/sitio\/wp-content\/uploads\/2023\/06\/Imagen-de-WhatsApp-2023-06-09-a-las-16.24.44.jpg\" data-src=\"https:\/\/eldiariodesanpedro.com.ar\/sitio\/wp-content\/uploads\/2023\/06\/Imagen-de-WhatsApp-2023-06-09-a-las-16.24.44.jpg\" alt=\"\" class=\"wp-image-119188 lazyload\" data-srcset=\"https:\/\/eldiariodesanpedro.com.ar\/sitio\/wp-content\/uploads\/2023\/06\/Imagen-de-WhatsApp-2023-06-09-a-las-16.24.44.jpg 896w, https:\/\/eldiariodesanpedro.com.ar\/sitio\/wp-content\/uploads\/2023\/06\/Imagen-de-WhatsApp-2023-06-09-a-las-16.24.44-300x211.jpg 300w, https:\/\/eldiariodesanpedro.com.ar\/sitio\/wp-content\/uploads\/2023\/06\/Imagen-de-WhatsApp-2023-06-09-a-las-16.24.44-768x540.jpg 768w\" data-sizes=\"(max-width: 896px) 100vw, 896px\" src=\"data:image\/svg+xml;base64,PHN2ZyB3aWR0aD0iMSIgaGVpZ2h0PSIxIiB4bWxucz0iaHR0cDovL3d3dy53My5vcmcvMjAwMC9zdmciPjwvc3ZnPg==\" style=\"--smush-placeholder-width: 896px; --smush-placeholder-aspect-ratio: 896\/630;\" \/><\/figure>\n\n\n\n<figure class=\"wp-block-image size-full\"><img decoding=\"async\" width=\"1004\" height=\"630\" data-attachment-id=\"119189\" data-permalink=\"https:\/\/eldiariodesanpedro.com.ar\/sitio\/entrega-de-jubilaciones-para-los-inscriptos-al-plan-de-pago-de-deuda-previsional\/imagen-de-whatsapp-2023-06-09-a-las-16-24-442\/\" data-orig-file=\"https:\/\/eldiariodesanpedro.com.ar\/sitio\/wp-content\/uploads\/2023\/06\/Imagen-de-WhatsApp-2023-06-09-a-las-16.24.442.jpg\" data-orig-size=\"1004,630\" data-comments-opened=\"0\" data-image-meta=\"{&quot;aperture&quot;:&quot;0&quot;,&quot;credit&quot;:&quot;&quot;,&quot;camera&quot;:&quot;&quot;,&quot;caption&quot;:&quot;&quot;,&quot;created_timestamp&quot;:&quot;0&quot;,&quot;copyright&quot;:&quot;&quot;,&quot;focal_length&quot;:&quot;0&quot;,&quot;iso&quot;:&quot;0&quot;,&quot;shutter_speed&quot;:&quot;0&quot;,&quot;title&quot;:&quot;&quot;,&quot;orientation&quot;:&quot;0&quot;}\" data-image-title=\"Imagen de WhatsApp 2023-06-09 a las 16.24.442\" data-image-description=\"\" data-image-caption=\"\" data-large-file=\"https:\/\/eldiariodesanpedro.com.ar\/sitio\/wp-content\/uploads\/2023\/06\/Imagen-de-WhatsApp-2023-06-09-a-las-16.24.442.jpg\" data-src=\"https:\/\/eldiariodesanpedro.com.ar\/sitio\/wp-content\/uploads\/2023\/06\/Imagen-de-WhatsApp-2023-06-09-a-las-16.24.442.jpg\" alt=\"\" class=\"wp-image-119189 lazyload\" data-srcset=\"https:\/\/eldiariodesanpedro.com.ar\/sitio\/wp-content\/uploads\/2023\/06\/Imagen-de-WhatsApp-2023-06-09-a-las-16.24.442.jpg 1004w, https:\/\/eldiariodesanpedro.com.ar\/sitio\/wp-content\/uploads\/2023\/06\/Imagen-de-WhatsApp-2023-06-09-a-las-16.24.442-300x188.jpg 300w, https:\/\/eldiariodesanpedro.com.ar\/sitio\/wp-content\/uploads\/2023\/06\/Imagen-de-WhatsApp-2023-06-09-a-las-16.24.442-768x482.jpg 768w\" data-sizes=\"(max-width: 1004px) 100vw, 1004px\" src=\"data:image\/svg+xml;base64,PHN2ZyB3aWR0aD0iMSIgaGVpZ2h0PSIxIiB4bWxucz0iaHR0cDovL3d3dy53My5vcmcvMjAwMC9zdmciPjwvc3ZnPg==\" style=\"--smush-placeholder-width: 1004px; --smush-placeholder-aspect-ratio: 1004\/630;\" \/><\/figure>\n","protected":false},"excerpt":{"rendered":"<p>La Administraci\u00f3n Nacional de la Seguridad Social (ANSES) llev\u00f3 a cabo este viernes en Mansa Lyfe una jornada de entrega de jubilaciones para aquellas personas, inscriptas en el plan de pago de deuda provisional, que ya alcanzaron la edad jubilatoria y que no cuentan con los 30 a\u00f1os de aportes requeridos. El acto cont\u00f3 con [&hellip;]<\/p>\n","protected":false},"author":4,"featured_media":119185,"comment_status":"closed","ping_status":"closed","sticky":false,"template":"","format":"standard","meta":{"om_disable_all_campaigns":false,"_jetpack_memberships_contains_paid_content":false,"footnotes":""},"categories":[50,101,2],"tags":[197,696,33,19],"class_list":["post-119183","post","type-post","status-publish","format-standard","has-post-thumbnail","hentry","category-destacadas","category-interes-general-locales","category-locales","tag-buenos-aires","tag-interes-general","tag-locales","tag-san-pedro"],"aioseo_notices":[],"gutentor_comment":0,"jetpack_featured_media_url":"https:\/\/eldiariodesanpedro.com.ar\/sitio\/wp-content\/uploads\/2023\/06\/Imagen-de-WhatsApp-2023-06-09-a-las-16.24.40.jpg","jetpack_shortlink":"https:\/\/wp.me\/p6RhLt-v0j","jetpack_sharing_enabled":true,"_links":{"self":[{"href":"https:\/\/eldiariodesanpedro.com.ar\/sitio\/wp-json\/wp\/v2\/posts\/119183","targetHints":{"allow":["GET"]}}],"collection":[{"href":"https:\/\/eldiariodesanpedro.com.ar\/sitio\/wp-json\/wp\/v2\/posts"}],"about":[{"href":"https:\/\/eldiariodesanpedro.com.ar\/sitio\/wp-json\/wp\/v2\/types\/post"}],"author":[{"embeddable":true,"href":"https:\/\/eldiariodesanpedro.com.ar\/sitio\/wp-json\/wp\/v2\/users\/4"}],"replies":[{"embeddable":true,"href":"https:\/\/eldiariodesanpedro.com.ar\/sitio\/wp-json\/wp\/v2\/comments?post=119183"}],"version-history":[{"count":1,"href":"https:\/\/eldiariodesanpedro.com.ar\/sitio\/wp-json\/wp\/v2\/posts\/119183\/revisions"}],"predecessor-version":[{"id":119190,"href":"https:\/\/eldiariodesanpedro.com.ar\/sitio\/wp-json\/wp\/v2\/posts\/119183\/revisions\/119190"}],"wp:featuredmedia":[{"embeddable":true,"href":"https:\/\/eldiariodesanpedro.com.ar\/sitio\/wp-json\/wp\/v2\/media\/119185"}],"wp:attachment":[{"href":"https:\/\/eldiariodesanpedro.com.ar\/sitio\/wp-json\/wp\/v2\/media?parent=119183"}],"wp:term":[{"taxonomy":"category","embeddable":true,"href":"https:\/\/eldiariodesanpedro.com.ar\/sitio\/wp-json\/wp\/v2\/categories?post=119183"},{"taxonomy":"post_tag","embeddable":true,"href":"https:\/\/eldiariodesanpedro.com.ar\/sitio\/wp-json\/wp\/v2\/tags?post=119183"}],"curies":[{"name":"wp","href":"https:\/\/api.w.org\/{rel}","templated":true}]}}