{"id":118843,"date":"2023-06-01T19:55:13","date_gmt":"2023-06-01T22:55:13","guid":{"rendered":"https:\/\/eldiariodesanpedro.com.ar\/sitio\/?p=118843"},"modified":"2023-06-01T19:55:15","modified_gmt":"2023-06-01T22:55:15","slug":"allanamiento-del-gto-secuestran-drogas-y-chapa-patente-apocrifa","status":"publish","type":"post","link":"https:\/\/eldiariodesanpedro.com.ar\/sitio\/allanamiento-del-gto-secuestran-drogas-y-chapa-patente-apocrifa\/","title":{"rendered":"Allanamiento del GTO: Secuestran drogas y chapa patente ap\u00f3crifa"},"content":{"rendered":"<!-- VideographyWP Plugin Message: Automatic video embedding prevented by plugin options. -->\n\n<p>El Grupo T\u00e1ctico de Operaciones (GTO) realiz\u00f3 un allanamiento en una vivienda ubicada en la calle R\u00edo Bamba y 35 bis, en relaci\u00f3n a un caso de hurto ocurrido el 30 de mayo. Aunque el art\u00edculo robado no fue encontrado, se incaut\u00f3 marihuana y una chapa patente falsa correspondiente a una motocicleta Guerrero Trip que estaba identificada como una marca Honda.<\/p>\n\n\n\n<p>El residente, un hombre de 27 a\u00f1os con antecedentes, fue notificado de los delitos imputados en su contra. La causa est\u00e1 siendo investigada por la UFI 07.<\/p>\n","protected":false},"excerpt":{"rendered":"<p>El Grupo T\u00e1ctico de Operaciones (GTO) realiz\u00f3 un allanamiento en una vivienda ubicada en la calle R\u00edo Bamba y 35 bis, en relaci\u00f3n a un caso de hurto ocurrido el 30 de mayo. Aunque el art\u00edculo robado no fue encontrado, se incaut\u00f3 marihuana y una chapa patente falsa correspondiente a una motocicleta Guerrero Trip que [&hellip;]<\/p>\n","protected":false},"author":4,"featured_media":118844,"comment_status":"closed","ping_status":"closed","sticky":false,"template":"","format":"standard","meta":{"om_disable_all_campaigns":false,"_jetpack_memberships_contains_paid_content":false,"footnotes":""},"categories":[2,103],"tags":[197,33,95,19],"class_list":["post-118843","post","type-post","status-publish","format-standard","has-post-thumbnail","hentry","category-locales","category-policiales-locales","tag-buenos-aires","tag-locales","tag-policiales","tag-san-pedro"],"aioseo_notices":[],"gutentor_comment":0,"jetpack_featured_media_url":"https:\/\/eldiariodesanpedro.com.ar\/sitio\/wp-content\/uploads\/2023\/06\/medida-3.png","jetpack_shortlink":"https:\/\/wp.me\/p6RhLt-uUP","jetpack_sharing_enabled":true,"_links":{"self":[{"href":"https:\/\/eldiariodesanpedro.com.ar\/sitio\/wp-json\/wp\/v2\/posts\/118843","targetHints":{"allow":["GET"]}}],"collection":[{"href":"https:\/\/eldiariodesanpedro.com.ar\/sitio\/wp-json\/wp\/v2\/posts"}],"about":[{"href":"https:\/\/eldiariodesanpedro.com.ar\/sitio\/wp-json\/wp\/v2\/types\/post"}],"author":[{"embeddable":true,"href":"https:\/\/eldiariodesanpedro.com.ar\/sitio\/wp-json\/wp\/v2\/users\/4"}],"replies":[{"embeddable":true,"href":"https:\/\/eldiariodesanpedro.com.ar\/sitio\/wp-json\/wp\/v2\/comments?post=118843"}],"version-history":[{"count":1,"href":"https:\/\/eldiariodesanpedro.com.ar\/sitio\/wp-json\/wp\/v2\/posts\/118843\/revisions"}],"predecessor-version":[{"id":118845,"href":"https:\/\/eldiariodesanpedro.com.ar\/sitio\/wp-json\/wp\/v2\/posts\/118843\/revisions\/118845"}],"wp:featuredmedia":[{"embeddable":true,"href":"https:\/\/eldiariodesanpedro.com.ar\/sitio\/wp-json\/wp\/v2\/media\/118844"}],"wp:attachment":[{"href":"https:\/\/eldiariodesanpedro.com.ar\/sitio\/wp-json\/wp\/v2\/media?parent=118843"}],"wp:term":[{"taxonomy":"category","embeddable":true,"href":"https:\/\/eldiariodesanpedro.com.ar\/sitio\/wp-json\/wp\/v2\/categories?post=118843"},{"taxonomy":"post_tag","embeddable":true,"href":"https:\/\/eldiariodesanpedro.com.ar\/sitio\/wp-json\/wp\/v2\/tags?post=118843"}],"curies":[{"name":"wp","href":"https:\/\/api.w.org\/{rel}","templated":true}]}}