{"id":118840,"date":"2023-06-01T19:37:13","date_gmt":"2023-06-01T22:37:13","guid":{"rendered":"https:\/\/eldiariodesanpedro.com.ar\/sitio\/?p=118840"},"modified":"2023-06-01T19:37:14","modified_gmt":"2023-06-01T22:37:14","slug":"personal-policial-de-santa-lucia-secuestra-motocicleta-sin-dominio-y-documentacion","status":"publish","type":"post","link":"https:\/\/eldiariodesanpedro.com.ar\/sitio\/personal-policial-de-santa-lucia-secuestra-motocicleta-sin-dominio-y-documentacion\/","title":{"rendered":"Personal policial de Santa Luc\u00eda secuestra motocicleta sin dominio y documentaci\u00f3n"},"content":{"rendered":"<!-- VideographyWP Plugin Message: Automatic video embedding prevented by plugin options. -->\n\n<p>El personal policial del destacamento de Santa Luc\u00eda incaut\u00f3 una motocicleta de la marca Motomel de 150 cc de color negro. El conductor, un hombre de 21 a\u00f1os, carec\u00eda de la documentaci\u00f3n necesaria para circular. La motocicleta fue llevada al dep\u00f3sito correspondiente y se inici\u00f3 una investigaci\u00f3n por parte del Juzgado de Faltas local. Se recuerda a los conductores la importancia de respetar las leyes de tr\u00e1nsito y portar siempre la documentaci\u00f3n requerida.<\/p>\n","protected":false},"excerpt":{"rendered":"<p>El personal policial del destacamento de Santa Luc\u00eda incaut\u00f3 una motocicleta de la marca Motomel de 150 cc de color negro. El conductor, un hombre de 21 a\u00f1os, carec\u00eda de la documentaci\u00f3n necesaria para circular. La motocicleta fue llevada al dep\u00f3sito correspondiente y se inici\u00f3 una investigaci\u00f3n por parte del Juzgado de Faltas local. Se [&hellip;]<\/p>\n","protected":false},"author":4,"featured_media":118841,"comment_status":"closed","ping_status":"closed","sticky":false,"template":"","format":"standard","meta":{"om_disable_all_campaigns":false,"_jetpack_memberships_contains_paid_content":false,"footnotes":""},"categories":[2,103],"tags":[197,696,33,19],"class_list":["post-118840","post","type-post","status-publish","format-standard","has-post-thumbnail","hentry","category-locales","category-policiales-locales","tag-buenos-aires","tag-interes-general","tag-locales","tag-san-pedro"],"aioseo_notices":[],"gutentor_comment":0,"jetpack_featured_media_url":"https:\/\/eldiariodesanpedro.com.ar\/sitio\/wp-content\/uploads\/2023\/06\/medida-2.png","jetpack_shortlink":"https:\/\/wp.me\/p6RhLt-uUM","jetpack_sharing_enabled":true,"_links":{"self":[{"href":"https:\/\/eldiariodesanpedro.com.ar\/sitio\/wp-json\/wp\/v2\/posts\/118840","targetHints":{"allow":["GET"]}}],"collection":[{"href":"https:\/\/eldiariodesanpedro.com.ar\/sitio\/wp-json\/wp\/v2\/posts"}],"about":[{"href":"https:\/\/eldiariodesanpedro.com.ar\/sitio\/wp-json\/wp\/v2\/types\/post"}],"author":[{"embeddable":true,"href":"https:\/\/eldiariodesanpedro.com.ar\/sitio\/wp-json\/wp\/v2\/users\/4"}],"replies":[{"embeddable":true,"href":"https:\/\/eldiariodesanpedro.com.ar\/sitio\/wp-json\/wp\/v2\/comments?post=118840"}],"version-history":[{"count":1,"href":"https:\/\/eldiariodesanpedro.com.ar\/sitio\/wp-json\/wp\/v2\/posts\/118840\/revisions"}],"predecessor-version":[{"id":118842,"href":"https:\/\/eldiariodesanpedro.com.ar\/sitio\/wp-json\/wp\/v2\/posts\/118840\/revisions\/118842"}],"wp:featuredmedia":[{"embeddable":true,"href":"https:\/\/eldiariodesanpedro.com.ar\/sitio\/wp-json\/wp\/v2\/media\/118841"}],"wp:attachment":[{"href":"https:\/\/eldiariodesanpedro.com.ar\/sitio\/wp-json\/wp\/v2\/media?parent=118840"}],"wp:term":[{"taxonomy":"category","embeddable":true,"href":"https:\/\/eldiariodesanpedro.com.ar\/sitio\/wp-json\/wp\/v2\/categories?post=118840"},{"taxonomy":"post_tag","embeddable":true,"href":"https:\/\/eldiariodesanpedro.com.ar\/sitio\/wp-json\/wp\/v2\/tags?post=118840"}],"curies":[{"name":"wp","href":"https:\/\/api.w.org\/{rel}","templated":true}]}}