{"id":118835,"date":"2023-06-01T19:12:56","date_gmt":"2023-06-01T22:12:56","guid":{"rendered":"https:\/\/eldiariodesanpedro.com.ar\/sitio\/?p=118835"},"modified":"2023-06-01T19:12:58","modified_gmt":"2023-06-01T22:12:58","slug":"reunion-entre-el-intendente-cecilio-salazar-y-el-superintendente-policial-de-la-region","status":"publish","type":"post","link":"https:\/\/eldiariodesanpedro.com.ar\/sitio\/reunion-entre-el-intendente-cecilio-salazar-y-el-superintendente-policial-de-la-region\/","title":{"rendered":"Reuni\u00f3n entre el Intendente Cecilio Salazar y el Superintendente Policial de la Regi\u00f3n"},"content":{"rendered":"<!-- VideographyWP Plugin Message: Automatic video embedding prevented by plugin options. -->\n\n<p>El Intendente Cecilio Salazar Cecilio Salazar recibi\u00f3 en la tarde de este jueves, en su despacho, al Superintendente Policial de la Regi\u00f3n, Comisario General, Jorge Monfort. Participaron del encuentro tambi\u00e9n el secretario de Seguridad, Dante Paolini y el director de Coordinaci\u00f3n Policial, Jos\u00e9 Luis Salas.<br>Es importante destacar que el funcionario policial tiene a su cargo los distritos de la regi\u00f3n norte de la provincia de Buenos Aires.<\/p>\n\n\n\n<p>En el encuentro se hizo una actualizaci\u00f3n de la situaci\u00f3n general. Adem\u00e1s, el Jefe Comunal solicit\u00f3 la posibilidad de la llegada de m\u00e1s efectivos policiales a la ciudad.<br>Asimismo, se acord\u00f3 que se llevar\u00e1n a cabo operativos conjuntos, con personal de la Secretar\u00eda de Seguridad y numerarios policiales, tanto en la ciudad cabecera y en las&nbsp;localidades.<\/p>\n\n\n\n<figure class=\"wp-block-image size-large\"><img decoding=\"async\" width=\"1024\" height=\"575\" data-attachment-id=\"118837\" data-permalink=\"https:\/\/eldiariodesanpedro.com.ar\/sitio\/reunion-entre-el-intendente-cecilio-salazar-y-el-superintendente-policial-de-la-region\/imagen-de-whatsapp-2023-06-01-a-las-17-59-09\/\" data-orig-file=\"https:\/\/eldiariodesanpedro.com.ar\/sitio\/wp-content\/uploads\/2023\/06\/Imagen-de-WhatsApp-2023-06-01-a-las-17.59.09.jpg\" data-orig-size=\"1121,630\" data-comments-opened=\"0\" data-image-meta=\"{&quot;aperture&quot;:&quot;0&quot;,&quot;credit&quot;:&quot;&quot;,&quot;camera&quot;:&quot;&quot;,&quot;caption&quot;:&quot;&quot;,&quot;created_timestamp&quot;:&quot;0&quot;,&quot;copyright&quot;:&quot;&quot;,&quot;focal_length&quot;:&quot;0&quot;,&quot;iso&quot;:&quot;0&quot;,&quot;shutter_speed&quot;:&quot;0&quot;,&quot;title&quot;:&quot;&quot;,&quot;orientation&quot;:&quot;0&quot;}\" data-image-title=\"Imagen de WhatsApp 2023-06-01 a las 17.59.09\" data-image-description=\"\" data-image-caption=\"\" data-large-file=\"https:\/\/eldiariodesanpedro.com.ar\/sitio\/wp-content\/uploads\/2023\/06\/Imagen-de-WhatsApp-2023-06-01-a-las-17.59.09-1024x575.jpg\" data-src=\"https:\/\/eldiariodesanpedro.com.ar\/sitio\/wp-content\/uploads\/2023\/06\/Imagen-de-WhatsApp-2023-06-01-a-las-17.59.09-1024x575.jpg\" alt=\"\" class=\"wp-image-118837 lazyload\" data-srcset=\"https:\/\/eldiariodesanpedro.com.ar\/sitio\/wp-content\/uploads\/2023\/06\/Imagen-de-WhatsApp-2023-06-01-a-las-17.59.09-1024x575.jpg 1024w, https:\/\/eldiariodesanpedro.com.ar\/sitio\/wp-content\/uploads\/2023\/06\/Imagen-de-WhatsApp-2023-06-01-a-las-17.59.09-300x169.jpg 300w, https:\/\/eldiariodesanpedro.com.ar\/sitio\/wp-content\/uploads\/2023\/06\/Imagen-de-WhatsApp-2023-06-01-a-las-17.59.09-768x432.jpg 768w, https:\/\/eldiariodesanpedro.com.ar\/sitio\/wp-content\/uploads\/2023\/06\/Imagen-de-WhatsApp-2023-06-01-a-las-17.59.09.jpg 1121w\" data-sizes=\"(max-width: 1024px) 100vw, 1024px\" src=\"data:image\/svg+xml;base64,PHN2ZyB3aWR0aD0iMSIgaGVpZ2h0PSIxIiB4bWxucz0iaHR0cDovL3d3dy53My5vcmcvMjAwMC9zdmciPjwvc3ZnPg==\" style=\"--smush-placeholder-width: 1024px; --smush-placeholder-aspect-ratio: 1024\/575;\" \/><\/figure>\n","protected":false},"excerpt":{"rendered":"<p>El Intendente Cecilio Salazar Cecilio Salazar recibi\u00f3 en la tarde de este jueves, en su despacho, al Superintendente Policial de la Regi\u00f3n, Comisario General, Jorge Monfort. Participaron del encuentro tambi\u00e9n el secretario de Seguridad, Dante Paolini y el director de Coordinaci\u00f3n Policial, Jos\u00e9 Luis Salas.Es importante destacar que el funcionario policial tiene a su cargo [&hellip;]<\/p>\n","protected":false},"author":4,"featured_media":118838,"comment_status":"closed","ping_status":"closed","sticky":false,"template":"","format":"standard","meta":{"om_disable_all_campaigns":false,"_jetpack_memberships_contains_paid_content":false,"footnotes":""},"categories":[50,101,2],"tags":[197,696,33,19],"class_list":["post-118835","post","type-post","status-publish","format-standard","has-post-thumbnail","hentry","category-destacadas","category-interes-general-locales","category-locales","tag-buenos-aires","tag-interes-general","tag-locales","tag-san-pedro"],"aioseo_notices":[],"gutentor_comment":0,"jetpack_featured_media_url":"https:\/\/eldiariodesanpedro.com.ar\/sitio\/wp-content\/uploads\/2023\/06\/Imagen-de-WhatsApp-2023-06-01-a-las-17.59.091.jpg","jetpack_shortlink":"https:\/\/wp.me\/p6RhLt-uUH","jetpack_sharing_enabled":true,"_links":{"self":[{"href":"https:\/\/eldiariodesanpedro.com.ar\/sitio\/wp-json\/wp\/v2\/posts\/118835","targetHints":{"allow":["GET"]}}],"collection":[{"href":"https:\/\/eldiariodesanpedro.com.ar\/sitio\/wp-json\/wp\/v2\/posts"}],"about":[{"href":"https:\/\/eldiariodesanpedro.com.ar\/sitio\/wp-json\/wp\/v2\/types\/post"}],"author":[{"embeddable":true,"href":"https:\/\/eldiariodesanpedro.com.ar\/sitio\/wp-json\/wp\/v2\/users\/4"}],"replies":[{"embeddable":true,"href":"https:\/\/eldiariodesanpedro.com.ar\/sitio\/wp-json\/wp\/v2\/comments?post=118835"}],"version-history":[{"count":1,"href":"https:\/\/eldiariodesanpedro.com.ar\/sitio\/wp-json\/wp\/v2\/posts\/118835\/revisions"}],"predecessor-version":[{"id":118839,"href":"https:\/\/eldiariodesanpedro.com.ar\/sitio\/wp-json\/wp\/v2\/posts\/118835\/revisions\/118839"}],"wp:featuredmedia":[{"embeddable":true,"href":"https:\/\/eldiariodesanpedro.com.ar\/sitio\/wp-json\/wp\/v2\/media\/118838"}],"wp:attachment":[{"href":"https:\/\/eldiariodesanpedro.com.ar\/sitio\/wp-json\/wp\/v2\/media?parent=118835"}],"wp:term":[{"taxonomy":"category","embeddable":true,"href":"https:\/\/eldiariodesanpedro.com.ar\/sitio\/wp-json\/wp\/v2\/categories?post=118835"},{"taxonomy":"post_tag","embeddable":true,"href":"https:\/\/eldiariodesanpedro.com.ar\/sitio\/wp-json\/wp\/v2\/tags?post=118835"}],"curies":[{"name":"wp","href":"https:\/\/api.w.org\/{rel}","templated":true}]}}