{"id":118827,"date":"2023-06-01T12:23:15","date_gmt":"2023-06-01T15:23:15","guid":{"rendered":"https:\/\/eldiariodesanpedro.com.ar\/sitio\/?p=118827"},"modified":"2023-06-01T12:23:17","modified_gmt":"2023-06-01T15:23:17","slug":"charla-sobre-violencias-por-razones-de-genero-y-nuevas-masculinidades","status":"publish","type":"post","link":"https:\/\/eldiariodesanpedro.com.ar\/sitio\/charla-sobre-violencias-por-razones-de-genero-y-nuevas-masculinidades\/","title":{"rendered":"Charla sobre violencias por razones de g\u00e9nero y nuevas masculinidades"},"content":{"rendered":"<!-- VideographyWP Plugin Message: Automatic video embedding prevented by plugin options. -->\n\n<p>La Secretar\u00eda de Pol\u00edticas de G\u00e9nero, Mujeres y Diversidad de la Municipalidad de San Pedro contin\u00faa con las charlas coordinadas junto a Jefatura Distrital de Educaci\u00f3n en los establecimientos educativos de San Pedro y las localidades.<\/p>\n\n\n\n<p>El primero de los establecimientos visitados en el ciclo lectivo 2023 fue la Escuela Secundaria 17, donde junto con la Comisar\u00eda de la Mujer y la Familia y el Servicio Local de Desarrollo Humano, se abordaron problem\u00e1ticas como bullying, violencia en el noviazgo, violencias por razones de g\u00e9nero y nuevas masculinidades.<\/p>\n\n\n\n<p>Este mi\u00e9rcoles 31, en tanto, un equipo de la Secretar\u00eda de Pol\u00edticas de G\u00e9nero, Mujeres y Diversidad de la Municipalidad de San Pedro, encabezado por la Secretaria Laura Monfasani, brindaron una charla informativa a alumnos y alumnas de la Escuela Secundaria 1 de Santa Luc\u00eda.<\/p>\n\n\n\n<p>Participaron adem\u00e1s de este encuentro el director del \u00e1rea, Lic. Pablo de Igarz\u00e1bal; y la Coordinadora de la Mesa Local de Atenci\u00f3n y Prevenci\u00f3n de la Violencia de G\u00e9nero y Familiar, Nadia Quiroga.<\/p>\n\n\n\n<p>El ciclo de charlas continuar\u00e1 este jueves 1\u00b0 con un encuentro abierto a la comunidad en La Buena Moza, a concretarse en la Escuela 24 del Paraje; y los pr\u00f3ximos d\u00edas con charlas en la ES 7 y la ES&nbsp;5,&nbsp;entre&nbsp;otras.<\/p>\n\n\n\n<figure class=\"wp-block-image size-large\"><img decoding=\"async\" width=\"1024\" height=\"576\" data-attachment-id=\"118830\" data-permalink=\"https:\/\/eldiariodesanpedro.com.ar\/sitio\/charla-sobre-violencias-por-razones-de-genero-y-nuevas-masculinidades\/imagen-de-whatsapp-2023-06-01-a-las-12-09-30\/\" data-orig-file=\"https:\/\/eldiariodesanpedro.com.ar\/sitio\/wp-content\/uploads\/2023\/06\/Imagen-de-WhatsApp-2023-06-01-a-las-12.09.30.jpg\" data-orig-size=\"1120,630\" data-comments-opened=\"0\" data-image-meta=\"{&quot;aperture&quot;:&quot;0&quot;,&quot;credit&quot;:&quot;&quot;,&quot;camera&quot;:&quot;&quot;,&quot;caption&quot;:&quot;&quot;,&quot;created_timestamp&quot;:&quot;0&quot;,&quot;copyright&quot;:&quot;&quot;,&quot;focal_length&quot;:&quot;0&quot;,&quot;iso&quot;:&quot;0&quot;,&quot;shutter_speed&quot;:&quot;0&quot;,&quot;title&quot;:&quot;&quot;,&quot;orientation&quot;:&quot;0&quot;}\" data-image-title=\"Imagen de WhatsApp 2023-06-01 a las 12.09.30\" data-image-description=\"\" data-image-caption=\"\" data-large-file=\"https:\/\/eldiariodesanpedro.com.ar\/sitio\/wp-content\/uploads\/2023\/06\/Imagen-de-WhatsApp-2023-06-01-a-las-12.09.30-1024x576.jpg\" data-src=\"https:\/\/eldiariodesanpedro.com.ar\/sitio\/wp-content\/uploads\/2023\/06\/Imagen-de-WhatsApp-2023-06-01-a-las-12.09.30-1024x576.jpg\" alt=\"\" class=\"wp-image-118830 lazyload\" data-srcset=\"https:\/\/eldiariodesanpedro.com.ar\/sitio\/wp-content\/uploads\/2023\/06\/Imagen-de-WhatsApp-2023-06-01-a-las-12.09.30-1024x576.jpg 1024w, https:\/\/eldiariodesanpedro.com.ar\/sitio\/wp-content\/uploads\/2023\/06\/Imagen-de-WhatsApp-2023-06-01-a-las-12.09.30-300x169.jpg 300w, https:\/\/eldiariodesanpedro.com.ar\/sitio\/wp-content\/uploads\/2023\/06\/Imagen-de-WhatsApp-2023-06-01-a-las-12.09.30-768x432.jpg 768w, https:\/\/eldiariodesanpedro.com.ar\/sitio\/wp-content\/uploads\/2023\/06\/Imagen-de-WhatsApp-2023-06-01-a-las-12.09.30.jpg 1120w\" data-sizes=\"(max-width: 1024px) 100vw, 1024px\" src=\"data:image\/svg+xml;base64,PHN2ZyB3aWR0aD0iMSIgaGVpZ2h0PSIxIiB4bWxucz0iaHR0cDovL3d3dy53My5vcmcvMjAwMC9zdmciPjwvc3ZnPg==\" style=\"--smush-placeholder-width: 1024px; --smush-placeholder-aspect-ratio: 1024\/576;\" \/><\/figure>\n\n\n\n<figure class=\"wp-block-image size-large\"><img decoding=\"async\" width=\"1024\" height=\"576\" data-attachment-id=\"118829\" data-permalink=\"https:\/\/eldiariodesanpedro.com.ar\/sitio\/charla-sobre-violencias-por-razones-de-genero-y-nuevas-masculinidades\/imagen-de-whatsapp-2023-06-01-a-las-12-09-28\/\" data-orig-file=\"https:\/\/eldiariodesanpedro.com.ar\/sitio\/wp-content\/uploads\/2023\/06\/Imagen-de-WhatsApp-2023-06-01-a-las-12.09.28.jpg\" data-orig-size=\"1120,630\" data-comments-opened=\"0\" data-image-meta=\"{&quot;aperture&quot;:&quot;0&quot;,&quot;credit&quot;:&quot;&quot;,&quot;camera&quot;:&quot;&quot;,&quot;caption&quot;:&quot;&quot;,&quot;created_timestamp&quot;:&quot;0&quot;,&quot;copyright&quot;:&quot;&quot;,&quot;focal_length&quot;:&quot;0&quot;,&quot;iso&quot;:&quot;0&quot;,&quot;shutter_speed&quot;:&quot;0&quot;,&quot;title&quot;:&quot;&quot;,&quot;orientation&quot;:&quot;0&quot;}\" data-image-title=\"Imagen de WhatsApp 2023-06-01 a las 12.09.28\" data-image-description=\"\" data-image-caption=\"\" data-large-file=\"https:\/\/eldiariodesanpedro.com.ar\/sitio\/wp-content\/uploads\/2023\/06\/Imagen-de-WhatsApp-2023-06-01-a-las-12.09.28-1024x576.jpg\" data-src=\"https:\/\/eldiariodesanpedro.com.ar\/sitio\/wp-content\/uploads\/2023\/06\/Imagen-de-WhatsApp-2023-06-01-a-las-12.09.28-1024x576.jpg\" alt=\"\" class=\"wp-image-118829 lazyload\" data-srcset=\"https:\/\/eldiariodesanpedro.com.ar\/sitio\/wp-content\/uploads\/2023\/06\/Imagen-de-WhatsApp-2023-06-01-a-las-12.09.28-1024x576.jpg 1024w, https:\/\/eldiariodesanpedro.com.ar\/sitio\/wp-content\/uploads\/2023\/06\/Imagen-de-WhatsApp-2023-06-01-a-las-12.09.28-300x169.jpg 300w, https:\/\/eldiariodesanpedro.com.ar\/sitio\/wp-content\/uploads\/2023\/06\/Imagen-de-WhatsApp-2023-06-01-a-las-12.09.28-768x432.jpg 768w, https:\/\/eldiariodesanpedro.com.ar\/sitio\/wp-content\/uploads\/2023\/06\/Imagen-de-WhatsApp-2023-06-01-a-las-12.09.28.jpg 1120w\" data-sizes=\"(max-width: 1024px) 100vw, 1024px\" src=\"data:image\/svg+xml;base64,PHN2ZyB3aWR0aD0iMSIgaGVpZ2h0PSIxIiB4bWxucz0iaHR0cDovL3d3dy53My5vcmcvMjAwMC9zdmciPjwvc3ZnPg==\" style=\"--smush-placeholder-width: 1024px; --smush-placeholder-aspect-ratio: 1024\/576;\" \/><\/figure>\n","protected":false},"excerpt":{"rendered":"<p>La Secretar\u00eda de Pol\u00edticas de G\u00e9nero, Mujeres y Diversidad de la Municipalidad de San Pedro contin\u00faa con las charlas coordinadas junto a Jefatura Distrital de Educaci\u00f3n en los establecimientos educativos de San Pedro y las localidades. El primero de los establecimientos visitados en el ciclo lectivo 2023 fue la Escuela Secundaria 17, donde junto con [&hellip;]<\/p>\n","protected":false},"author":4,"featured_media":118828,"comment_status":"closed","ping_status":"closed","sticky":false,"template":"","format":"standard","meta":{"om_disable_all_campaigns":false,"_jetpack_memberships_contains_paid_content":false,"footnotes":""},"categories":[101,2],"tags":[197,696,33,19],"class_list":["post-118827","post","type-post","status-publish","format-standard","has-post-thumbnail","hentry","category-interes-general-locales","category-locales","tag-buenos-aires","tag-interes-general","tag-locales","tag-san-pedro"],"aioseo_notices":[],"gutentor_comment":0,"jetpack_featured_media_url":"https:\/\/eldiariodesanpedro.com.ar\/sitio\/wp-content\/uploads\/2023\/06\/Imagen-de-WhatsApp-2023-06-01-a-las-12.09.27.jpg","jetpack_shortlink":"https:\/\/wp.me\/p6RhLt-uUz","jetpack_sharing_enabled":true,"_links":{"self":[{"href":"https:\/\/eldiariodesanpedro.com.ar\/sitio\/wp-json\/wp\/v2\/posts\/118827","targetHints":{"allow":["GET"]}}],"collection":[{"href":"https:\/\/eldiariodesanpedro.com.ar\/sitio\/wp-json\/wp\/v2\/posts"}],"about":[{"href":"https:\/\/eldiariodesanpedro.com.ar\/sitio\/wp-json\/wp\/v2\/types\/post"}],"author":[{"embeddable":true,"href":"https:\/\/eldiariodesanpedro.com.ar\/sitio\/wp-json\/wp\/v2\/users\/4"}],"replies":[{"embeddable":true,"href":"https:\/\/eldiariodesanpedro.com.ar\/sitio\/wp-json\/wp\/v2\/comments?post=118827"}],"version-history":[{"count":1,"href":"https:\/\/eldiariodesanpedro.com.ar\/sitio\/wp-json\/wp\/v2\/posts\/118827\/revisions"}],"predecessor-version":[{"id":118832,"href":"https:\/\/eldiariodesanpedro.com.ar\/sitio\/wp-json\/wp\/v2\/posts\/118827\/revisions\/118832"}],"wp:featuredmedia":[{"embeddable":true,"href":"https:\/\/eldiariodesanpedro.com.ar\/sitio\/wp-json\/wp\/v2\/media\/118828"}],"wp:attachment":[{"href":"https:\/\/eldiariodesanpedro.com.ar\/sitio\/wp-json\/wp\/v2\/media?parent=118827"}],"wp:term":[{"taxonomy":"category","embeddable":true,"href":"https:\/\/eldiariodesanpedro.com.ar\/sitio\/wp-json\/wp\/v2\/categories?post=118827"},{"taxonomy":"post_tag","embeddable":true,"href":"https:\/\/eldiariodesanpedro.com.ar\/sitio\/wp-json\/wp\/v2\/tags?post=118827"}],"curies":[{"name":"wp","href":"https:\/\/api.w.org\/{rel}","templated":true}]}}