{"id":118824,"date":"2023-06-01T12:05:19","date_gmt":"2023-06-01T15:05:19","guid":{"rendered":"https:\/\/eldiariodesanpedro.com.ar\/sitio\/?p=118824"},"modified":"2023-06-01T12:05:21","modified_gmt":"2023-06-01T15:05:21","slug":"descubren-en-baradero-tres-motos-de-alta-cilindrada-robadas-en-distintas-jurisdicciones-de-la-zona","status":"publish","type":"post","link":"https:\/\/eldiariodesanpedro.com.ar\/sitio\/descubren-en-baradero-tres-motos-de-alta-cilindrada-robadas-en-distintas-jurisdicciones-de-la-zona\/","title":{"rendered":"Descubren en Baradero tres motos de alta cilindrada robadas en distintas jurisdicciones de la zona"},"content":{"rendered":"<!-- VideographyWP Plugin Message: Automatic video embedding prevented by plugin options. -->\n\n<p>En un importante hallazgo llevado a cabo por el personal policial de Baradero, se encontraron tres motocicletas que hab\u00edan sido sustra\u00eddas en los \u00faltimos d\u00edas en diferentes \u00e1reas de la regi\u00f3n. Este descubrimiento tuvo lugar el mi\u00e9rcoles por la tarde, cuando las autoridades policiales encontraron las motos abandonadas entre la maleza dentro del predio que anteriormente albergaba el hotel Seit\u00fa en Baradero, ubicado en el kil\u00f3metro 132 de la ruta 9.<\/p>\n\n\n\n<p>Es importante destacar que las motocicletas estaban a\u00fan con las llaves puestas y fueron avistadas por un grupo de operarios que casualmente pasaban por el lugar. Seg\u00fan informaci\u00f3n brindada por fuentes confiables a San Pedro Informa y FM G\u00e9nesis, se determin\u00f3 que estos veh\u00edculos hab\u00edan sido robados en diferentes circunstancias a lo largo de la Ruta 9, pero dentro de las jurisdicciones de Baradero, San Pedro y Ramallo.<\/p>\n\n\n\n<p>Uno de los casos involucra el robo de una motocicleta a un profesional de nuestra ciudad, quien fue despojado de su veh\u00edculo mientras circulaba en la jurisdicci\u00f3n de Baradero. Los investigadores sostienen que estos veh\u00edculos robados eran \u00abenfriados\u00bb en el lugar aprovechando su estado de abandono, para luego ser trasladados a otras zonas con fines delictivos despu\u00e9s de unos d\u00edas.<\/p>\n\n\n\n<p>El descubrimiento de estas motocicletas robadas representa un avance significativo en la lucha contra el robo de veh\u00edculos en la zona. Las autoridades contin\u00faan investigando el caso y trabajando en estrecha colaboraci\u00f3n con las jurisdicciones vecinas para desmantelar posibles redes delictivas que operen en la regi\u00f3n.<\/p>\n","protected":false},"excerpt":{"rendered":"<p>En un importante hallazgo llevado a cabo por el personal policial de Baradero, se encontraron tres motocicletas que hab\u00edan sido sustra\u00eddas en los \u00faltimos d\u00edas en diferentes \u00e1reas de la regi\u00f3n. Este descubrimiento tuvo lugar el mi\u00e9rcoles por la tarde, cuando las autoridades policiales encontraron las motos abandonadas entre la maleza dentro del predio que [&hellip;]<\/p>\n","protected":false},"author":4,"featured_media":118825,"comment_status":"closed","ping_status":"closed","sticky":false,"template":"","format":"standard","meta":{"om_disable_all_campaigns":false,"_jetpack_memberships_contains_paid_content":false,"footnotes":""},"categories":[50,2,103],"tags":[197,33,95,19],"class_list":["post-118824","post","type-post","status-publish","format-standard","has-post-thumbnail","hentry","category-destacadas","category-locales","category-policiales-locales","tag-buenos-aires","tag-locales","tag-policiales","tag-san-pedro"],"aioseo_notices":[],"gutentor_comment":0,"jetpack_featured_media_url":"https:\/\/eldiariodesanpedro.com.ar\/sitio\/wp-content\/uploads\/2023\/06\/Superbid.jpg","jetpack_shortlink":"https:\/\/wp.me\/p6RhLt-uUw","jetpack_sharing_enabled":true,"_links":{"self":[{"href":"https:\/\/eldiariodesanpedro.com.ar\/sitio\/wp-json\/wp\/v2\/posts\/118824","targetHints":{"allow":["GET"]}}],"collection":[{"href":"https:\/\/eldiariodesanpedro.com.ar\/sitio\/wp-json\/wp\/v2\/posts"}],"about":[{"href":"https:\/\/eldiariodesanpedro.com.ar\/sitio\/wp-json\/wp\/v2\/types\/post"}],"author":[{"embeddable":true,"href":"https:\/\/eldiariodesanpedro.com.ar\/sitio\/wp-json\/wp\/v2\/users\/4"}],"replies":[{"embeddable":true,"href":"https:\/\/eldiariodesanpedro.com.ar\/sitio\/wp-json\/wp\/v2\/comments?post=118824"}],"version-history":[{"count":1,"href":"https:\/\/eldiariodesanpedro.com.ar\/sitio\/wp-json\/wp\/v2\/posts\/118824\/revisions"}],"predecessor-version":[{"id":118826,"href":"https:\/\/eldiariodesanpedro.com.ar\/sitio\/wp-json\/wp\/v2\/posts\/118824\/revisions\/118826"}],"wp:featuredmedia":[{"embeddable":true,"href":"https:\/\/eldiariodesanpedro.com.ar\/sitio\/wp-json\/wp\/v2\/media\/118825"}],"wp:attachment":[{"href":"https:\/\/eldiariodesanpedro.com.ar\/sitio\/wp-json\/wp\/v2\/media?parent=118824"}],"wp:term":[{"taxonomy":"category","embeddable":true,"href":"https:\/\/eldiariodesanpedro.com.ar\/sitio\/wp-json\/wp\/v2\/categories?post=118824"},{"taxonomy":"post_tag","embeddable":true,"href":"https:\/\/eldiariodesanpedro.com.ar\/sitio\/wp-json\/wp\/v2\/tags?post=118824"}],"curies":[{"name":"wp","href":"https:\/\/api.w.org\/{rel}","templated":true}]}}