{"id":118821,"date":"2023-06-01T11:55:32","date_gmt":"2023-06-01T14:55:32","guid":{"rendered":"https:\/\/eldiariodesanpedro.com.ar\/sitio\/?p=118821"},"modified":"2023-06-01T11:55:34","modified_gmt":"2023-06-01T14:55:34","slug":"desalojaron-una-vivienda-cuyos-ocupantes-estan-acusados-de-vender-drogas","status":"publish","type":"post","link":"https:\/\/eldiariodesanpedro.com.ar\/sitio\/desalojaron-una-vivienda-cuyos-ocupantes-estan-acusados-de-vender-drogas\/","title":{"rendered":"Desalojaron una vivienda cuyos ocupantes est\u00e1n acusados de vender drogas"},"content":{"rendered":"<!-- VideographyWP Plugin Message: Automatic video embedding prevented by plugin options. -->\n\n<p>Por orden del Jugador de Paz local y con apoyo de la polic\u00eda en la ma\u00f1ana del mi\u00e9rcoles fue desalojada una vivienda ubicada en Nieto de Torres al 400. Varios de sus ocupantes se encuentran imputados en una causa por venta de drogas.<\/p>\n\n\n\n<p>Por medio de una orden indicada por el Juzgado de Paz paz local y con el apoyo de la comisar\u00eda San Pedro se llev\u00f3 a cabo un desalojo en una propiedad donde habitaba una familia vinculada a una causa por venta de estupefacientes.<\/p>\n\n\n\n<p>En la ma\u00f1ana del mi\u00e9rcoles los funcionarios arribaron al lugar ubicado el Nieto de Torres al 400 y procedieron a retirar a las personas que se encontraban en su interior como as\u00ed tambi\u00e9n todas sus pertenencias.<\/p>\n\n\n\n<p>La casa fue reintegrada a sus due\u00f1os originales quienes en su momento hab\u00edan denunciado que los inquilinos que habitaron all\u00ed hace varios a\u00f1os se hab\u00edan quedado a vivir en la misma y que estos a la vez fueron subalquilando el lugar con el paso de los a\u00f1os.<\/p>\n\n\n\n<p>La vivienda fue habitada por distintas personas, en su mayor\u00eda oriundas de otras localidades y con antecedentes delictivos. Ese fue el lugar donde hab\u00eda sido detenido Norberto Paz un hombre mayor que se encuentra vinculado al delito de comercializaci\u00f3n de estupefacientes y permanece detenido en la c\u00e1rcel de San Nicol\u00e1s. El hombre cuenta con frondosos antecedentes y viv\u00eda all\u00ed junto a su familia. Tambi\u00e9n supo estar su hijo Leonardo Paz quien a la vez fue detenido por el mismo motivo cuando junto a su familia habitaban una lujosa propiedad en la localidad de Lima partido de Z\u00e1rate.<\/p>\n\n\n\n<p>Fuente: San Pedro Informa<\/p>\n","protected":false},"excerpt":{"rendered":"<p>Por orden del Jugador de Paz local y con apoyo de la polic\u00eda en la ma\u00f1ana del mi\u00e9rcoles fue desalojada una vivienda ubicada en Nieto de Torres al 400. Varios de sus ocupantes se encuentran imputados en una causa por venta de drogas. Por medio de una orden indicada por el Juzgado de Paz paz [&hellip;]<\/p>\n","protected":false},"author":4,"featured_media":118822,"comment_status":"closed","ping_status":"closed","sticky":false,"template":"","format":"standard","meta":{"om_disable_all_campaigns":false,"_jetpack_memberships_contains_paid_content":false,"footnotes":""},"categories":[50,101,2],"tags":[197,696,33,19],"class_list":["post-118821","post","type-post","status-publish","format-standard","has-post-thumbnail","hentry","category-destacadas","category-interes-general-locales","category-locales","tag-buenos-aires","tag-interes-general","tag-locales","tag-san-pedro"],"aioseo_notices":[],"gutentor_comment":0,"jetpack_featured_media_url":"https:\/\/eldiariodesanpedro.com.ar\/sitio\/wp-content\/uploads\/2023\/06\/0000021863-resized-1920x1080-1.jpg","jetpack_shortlink":"https:\/\/wp.me\/p6RhLt-uUt","jetpack_sharing_enabled":true,"_links":{"self":[{"href":"https:\/\/eldiariodesanpedro.com.ar\/sitio\/wp-json\/wp\/v2\/posts\/118821","targetHints":{"allow":["GET"]}}],"collection":[{"href":"https:\/\/eldiariodesanpedro.com.ar\/sitio\/wp-json\/wp\/v2\/posts"}],"about":[{"href":"https:\/\/eldiariodesanpedro.com.ar\/sitio\/wp-json\/wp\/v2\/types\/post"}],"author":[{"embeddable":true,"href":"https:\/\/eldiariodesanpedro.com.ar\/sitio\/wp-json\/wp\/v2\/users\/4"}],"replies":[{"embeddable":true,"href":"https:\/\/eldiariodesanpedro.com.ar\/sitio\/wp-json\/wp\/v2\/comments?post=118821"}],"version-history":[{"count":1,"href":"https:\/\/eldiariodesanpedro.com.ar\/sitio\/wp-json\/wp\/v2\/posts\/118821\/revisions"}],"predecessor-version":[{"id":118823,"href":"https:\/\/eldiariodesanpedro.com.ar\/sitio\/wp-json\/wp\/v2\/posts\/118821\/revisions\/118823"}],"wp:featuredmedia":[{"embeddable":true,"href":"https:\/\/eldiariodesanpedro.com.ar\/sitio\/wp-json\/wp\/v2\/media\/118822"}],"wp:attachment":[{"href":"https:\/\/eldiariodesanpedro.com.ar\/sitio\/wp-json\/wp\/v2\/media?parent=118821"}],"wp:term":[{"taxonomy":"category","embeddable":true,"href":"https:\/\/eldiariodesanpedro.com.ar\/sitio\/wp-json\/wp\/v2\/categories?post=118821"},{"taxonomy":"post_tag","embeddable":true,"href":"https:\/\/eldiariodesanpedro.com.ar\/sitio\/wp-json\/wp\/v2\/tags?post=118821"}],"curies":[{"name":"wp","href":"https:\/\/api.w.org\/{rel}","templated":true}]}}