{"id":118818,"date":"2023-06-01T11:46:40","date_gmt":"2023-06-01T14:46:40","guid":{"rendered":"https:\/\/eldiariodesanpedro.com.ar\/sitio\/?p=118818"},"modified":"2023-06-01T11:46:42","modified_gmt":"2023-06-01T14:46:42","slug":"se-triplico-la-demanda-de-atencion-de-bronquiolitis-en-san-pedro","status":"publish","type":"post","link":"https:\/\/eldiariodesanpedro.com.ar\/sitio\/se-triplico-la-demanda-de-atencion-de-bronquiolitis-en-san-pedro\/","title":{"rendered":"Se triplic\u00f3 la demanda de atenci\u00f3n de bronquiolitis en San Pedro"},"content":{"rendered":"<!-- VideographyWP Plugin Message: Automatic video embedding prevented by plugin options. -->\n\n<p>Seg\u00fan Liliana Dold\u00e1n, m\u00e9dica pediatra a cargo de los consultorios Infantia, la situaci\u00f3n es alarmante en la provincia de Buenos Aires debido al creciente n\u00famero de casos de bronquiolitis, una enfermedad causada por el virus sincicial respiratorio que afecta principalmente a beb\u00e9s y ni\u00f1os. El Ministro de Salud de la provincia, Nicol\u00e1s Kreplak, ha declarado que la situaci\u00f3n es grave, ya que los casos est\u00e1n aumentando r\u00e1pidamente y se est\u00e1n adelantando varias semanas.<\/p>\n\n\n\n<p>Las estad\u00edsticas oficiales muestran un incremento constante de los casos de bronquiolitis desde la primera semana de abril, con alrededor de 2.000 contagios notificados hasta el 22 de mayo. Se espera que este n\u00famero siga en aumento. Kreplak se\u00f1al\u00f3 que, si bien esta cantidad de casos se ha observado en a\u00f1os anteriores, sol\u00eda ocurrir m\u00e1s cerca de julio. Actualmente, se registra un aumento del 20 por ciento en comparaci\u00f3n con a\u00f1os anteriores en la misma \u00e9poca.<\/p>\n\n\n\n<p>Liliana Dold\u00e1n, quien tambi\u00e9n es titular de los consultorios Infantia, explic\u00f3 que en San Pedro, la demanda de atenci\u00f3n m\u00e9dica en el \u00e1mbito p\u00fablico y privado no ha colapsado debido a la existencia de una guardia pedi\u00e1trica activa en el Hospital, complementada por la guardia del Hospital Sadiv y los consultorios particulares, los cuales absorben la alta demanda.<\/p>\n\n\n\n<p>Dold\u00e1n resalt\u00f3 que la bronquiolitis es una enfermedad com\u00fan en la infancia, pero este a\u00f1o los casos superan el 30 por ciento en comparaci\u00f3n con los peores a\u00f1os. Aunque tambi\u00e9n destac\u00f3 que la evoluci\u00f3n de los pacientes ha sido favorable, con muchos casos de internaci\u00f3n y derivaci\u00f3n de neonatos.<\/p>\n\n\n\n<p>La m\u00e9dica subray\u00f3 la importancia de prevenir la enfermedad a trav\u00e9s de la lactancia materna, que es fundamental para evitar casos graves. Adem\u00e1s, recomend\u00f3 mantener un esquema completo de vacunaci\u00f3n, practicar una buena higiene de manos y limpieza de objetos en contacto con los beb\u00e9s, ense\u00f1ar buenos h\u00e1bitos a los hermanos mayores antes de interactuar con los beb\u00e9s y asegurar una adecuada ventilaci\u00f3n de los ambientes.<\/p>\n\n\n\n<p>Dold\u00e1n tambi\u00e9n advirti\u00f3 que la demanda de atenci\u00f3n m\u00e9dica en San Pedro se ha triplicado y solicit\u00f3 que los adultos con s\u00edntomas de resfriado, dolor de garganta o picaz\u00f3n de garganta se mantengan alejados de los ni\u00f1os y beb\u00e9s, a excepci\u00f3n de las madres lactantes. Asimismo, enfatiz\u00f3 la importancia de que los adultos que cuiden a los ni\u00f1os y presenten s\u00edntomas utilicen mascarillas para evitar la propagaci\u00f3n del virus, recordando cambiarlas regularmente. Fuente: La Radio 92.3<\/p>\n","protected":false},"excerpt":{"rendered":"<p>Seg\u00fan Liliana Dold\u00e1n, m\u00e9dica pediatra a cargo de los consultorios Infantia, la situaci\u00f3n es alarmante en la provincia de Buenos Aires debido al creciente n\u00famero de casos de bronquiolitis, una enfermedad causada por el virus sincicial respiratorio que afecta principalmente a beb\u00e9s y ni\u00f1os. El Ministro de Salud de la provincia, Nicol\u00e1s Kreplak, ha declarado [&hellip;]<\/p>\n","protected":false},"author":4,"featured_media":118819,"comment_status":"closed","ping_status":"closed","sticky":false,"template":"","format":"standard","meta":{"om_disable_all_campaigns":false,"_jetpack_memberships_contains_paid_content":false,"footnotes":""},"categories":[50,101,2],"tags":[197,696,33,19],"class_list":["post-118818","post","type-post","status-publish","format-standard","has-post-thumbnail","hentry","category-destacadas","category-interes-general-locales","category-locales","tag-buenos-aires","tag-interes-general","tag-locales","tag-san-pedro"],"aioseo_notices":[],"gutentor_comment":0,"jetpack_featured_media_url":"https:\/\/eldiariodesanpedro.com.ar\/sitio\/wp-content\/uploads\/2023\/06\/bronqueolitis.jpg","jetpack_shortlink":"https:\/\/wp.me\/p6RhLt-uUq","jetpack_sharing_enabled":true,"_links":{"self":[{"href":"https:\/\/eldiariodesanpedro.com.ar\/sitio\/wp-json\/wp\/v2\/posts\/118818","targetHints":{"allow":["GET"]}}],"collection":[{"href":"https:\/\/eldiariodesanpedro.com.ar\/sitio\/wp-json\/wp\/v2\/posts"}],"about":[{"href":"https:\/\/eldiariodesanpedro.com.ar\/sitio\/wp-json\/wp\/v2\/types\/post"}],"author":[{"embeddable":true,"href":"https:\/\/eldiariodesanpedro.com.ar\/sitio\/wp-json\/wp\/v2\/users\/4"}],"replies":[{"embeddable":true,"href":"https:\/\/eldiariodesanpedro.com.ar\/sitio\/wp-json\/wp\/v2\/comments?post=118818"}],"version-history":[{"count":1,"href":"https:\/\/eldiariodesanpedro.com.ar\/sitio\/wp-json\/wp\/v2\/posts\/118818\/revisions"}],"predecessor-version":[{"id":118820,"href":"https:\/\/eldiariodesanpedro.com.ar\/sitio\/wp-json\/wp\/v2\/posts\/118818\/revisions\/118820"}],"wp:featuredmedia":[{"embeddable":true,"href":"https:\/\/eldiariodesanpedro.com.ar\/sitio\/wp-json\/wp\/v2\/media\/118819"}],"wp:attachment":[{"href":"https:\/\/eldiariodesanpedro.com.ar\/sitio\/wp-json\/wp\/v2\/media?parent=118818"}],"wp:term":[{"taxonomy":"category","embeddable":true,"href":"https:\/\/eldiariodesanpedro.com.ar\/sitio\/wp-json\/wp\/v2\/categories?post=118818"},{"taxonomy":"post_tag","embeddable":true,"href":"https:\/\/eldiariodesanpedro.com.ar\/sitio\/wp-json\/wp\/v2\/tags?post=118818"}],"curies":[{"name":"wp","href":"https:\/\/api.w.org\/{rel}","templated":true}]}}