{"id":118748,"date":"2023-05-31T14:10:17","date_gmt":"2023-05-31T17:10:17","guid":{"rendered":"https:\/\/eldiariodesanpedro.com.ar\/sitio\/?p=118748"},"modified":"2023-05-31T14:10:18","modified_gmt":"2023-05-31T17:10:18","slug":"charlas-y-acciones-sobre-prevencion-de-tabaquismo","status":"publish","type":"post","link":"https:\/\/eldiariodesanpedro.com.ar\/sitio\/charlas-y-acciones-sobre-prevencion-de-tabaquismo\/","title":{"rendered":"Charlas y acciones sobre prevenci\u00f3n de tabaquismo"},"content":{"rendered":"<!-- VideographyWP Plugin Message: Automatic video embedding prevented by plugin options. -->\n\n<p>En el marco del d\u00eda mundial de lucha contra el tabaco, desde la Secretar\u00eda de Salud de la Municipalidad de San Pedro se est\u00e1n llevando a cabo diversas actividades para concientizar sobre los peligros del tabaquismo, como talleres en escuelas y diagn\u00f3sticos de enfermedades pulmonares.<\/p>\n\n\n\n<p>En adhesi\u00f3n a la campa\u00f1a del Ministerio de Salud de la Provincia de Buenos Aires, con el lema \u00abDejemos de fumar entre todos\u00bb y conjuntamente con la Comisi\u00f3n de Educaci\u00f3n de LALCEC, este martes, en Vuelta de Obligado, se brind\u00f3 una charla con la participaci\u00f3n de las Dras. Micaela Schiaffino y Fernanda Rizzato. Y en el d\u00eda de hoy, en el Polo de Salud Municipal, el Dr. Daniel Creus ofreci\u00f3 una charla a estudiantes de quinto y sexto grado de la Escuela N\u00b0 7 y San Francisco.<\/p>\n\n\n\n<p>Se recuerda que est\u00e1 funcionando en el Hospital Emilio Ruffa el consultorio para dejar de fumar a cargo del Dr. Creus que adem\u00e1s es coordinador del Programa de Tabaquismo de la Regi\u00f3n Sanitaria IV. Los interesados en asistir a una consulta pueden requerir informaci\u00f3n en\u00a0el\u00a0nosocomio.<\/p>\n\n\n\n<figure class=\"wp-block-image size-large\"><img decoding=\"async\" width=\"1024\" height=\"573\" data-attachment-id=\"118750\" data-permalink=\"https:\/\/eldiariodesanpedro.com.ar\/sitio\/charlas-y-acciones-sobre-prevencion-de-tabaquismo\/imagen-de-whatsapp-2023-05-31-a-las-13-02-42\/\" data-orig-file=\"https:\/\/eldiariodesanpedro.com.ar\/sitio\/wp-content\/uploads\/2023\/05\/Imagen-de-WhatsApp-2023-05-31-a-las-13.02.42.jpg\" data-orig-size=\"1125,630\" data-comments-opened=\"0\" data-image-meta=\"{&quot;aperture&quot;:&quot;0&quot;,&quot;credit&quot;:&quot;&quot;,&quot;camera&quot;:&quot;&quot;,&quot;caption&quot;:&quot;&quot;,&quot;created_timestamp&quot;:&quot;0&quot;,&quot;copyright&quot;:&quot;&quot;,&quot;focal_length&quot;:&quot;0&quot;,&quot;iso&quot;:&quot;0&quot;,&quot;shutter_speed&quot;:&quot;0&quot;,&quot;title&quot;:&quot;&quot;,&quot;orientation&quot;:&quot;0&quot;}\" data-image-title=\"Imagen de WhatsApp 2023-05-31 a las 13.02.42\" data-image-description=\"\" data-image-caption=\"\" data-large-file=\"https:\/\/eldiariodesanpedro.com.ar\/sitio\/wp-content\/uploads\/2023\/05\/Imagen-de-WhatsApp-2023-05-31-a-las-13.02.42-1024x573.jpg\" data-src=\"https:\/\/eldiariodesanpedro.com.ar\/sitio\/wp-content\/uploads\/2023\/05\/Imagen-de-WhatsApp-2023-05-31-a-las-13.02.42-1024x573.jpg\" alt=\"\" class=\"wp-image-118750 lazyload\" data-srcset=\"https:\/\/eldiariodesanpedro.com.ar\/sitio\/wp-content\/uploads\/2023\/05\/Imagen-de-WhatsApp-2023-05-31-a-las-13.02.42-1024x573.jpg 1024w, https:\/\/eldiariodesanpedro.com.ar\/sitio\/wp-content\/uploads\/2023\/05\/Imagen-de-WhatsApp-2023-05-31-a-las-13.02.42-300x168.jpg 300w, https:\/\/eldiariodesanpedro.com.ar\/sitio\/wp-content\/uploads\/2023\/05\/Imagen-de-WhatsApp-2023-05-31-a-las-13.02.42-768x430.jpg 768w, https:\/\/eldiariodesanpedro.com.ar\/sitio\/wp-content\/uploads\/2023\/05\/Imagen-de-WhatsApp-2023-05-31-a-las-13.02.42.jpg 1125w\" data-sizes=\"(max-width: 1024px) 100vw, 1024px\" src=\"data:image\/svg+xml;base64,PHN2ZyB3aWR0aD0iMSIgaGVpZ2h0PSIxIiB4bWxucz0iaHR0cDovL3d3dy53My5vcmcvMjAwMC9zdmciPjwvc3ZnPg==\" style=\"--smush-placeholder-width: 1024px; --smush-placeholder-aspect-ratio: 1024\/573;\" \/><\/figure>\n\n\n\n<figure class=\"wp-block-image size-full\"><img decoding=\"async\" width=\"840\" height=\"630\" data-attachment-id=\"118751\" data-permalink=\"https:\/\/eldiariodesanpedro.com.ar\/sitio\/charlas-y-acciones-sobre-prevencion-de-tabaquismo\/imagen-de-whatsapp-2023-05-31-a-las-13-02-43\/\" data-orig-file=\"https:\/\/eldiariodesanpedro.com.ar\/sitio\/wp-content\/uploads\/2023\/05\/Imagen-de-WhatsApp-2023-05-31-a-las-13.02.43.jpg\" data-orig-size=\"840,630\" data-comments-opened=\"0\" data-image-meta=\"{&quot;aperture&quot;:&quot;0&quot;,&quot;credit&quot;:&quot;&quot;,&quot;camera&quot;:&quot;&quot;,&quot;caption&quot;:&quot;&quot;,&quot;created_timestamp&quot;:&quot;0&quot;,&quot;copyright&quot;:&quot;&quot;,&quot;focal_length&quot;:&quot;0&quot;,&quot;iso&quot;:&quot;0&quot;,&quot;shutter_speed&quot;:&quot;0&quot;,&quot;title&quot;:&quot;&quot;,&quot;orientation&quot;:&quot;0&quot;}\" data-image-title=\"Imagen de WhatsApp 2023-05-31 a las 13.02.43\" data-image-description=\"\" data-image-caption=\"\" data-large-file=\"https:\/\/eldiariodesanpedro.com.ar\/sitio\/wp-content\/uploads\/2023\/05\/Imagen-de-WhatsApp-2023-05-31-a-las-13.02.43.jpg\" data-src=\"https:\/\/eldiariodesanpedro.com.ar\/sitio\/wp-content\/uploads\/2023\/05\/Imagen-de-WhatsApp-2023-05-31-a-las-13.02.43.jpg\" alt=\"\" class=\"wp-image-118751 lazyload\" data-srcset=\"https:\/\/eldiariodesanpedro.com.ar\/sitio\/wp-content\/uploads\/2023\/05\/Imagen-de-WhatsApp-2023-05-31-a-las-13.02.43.jpg 840w, https:\/\/eldiariodesanpedro.com.ar\/sitio\/wp-content\/uploads\/2023\/05\/Imagen-de-WhatsApp-2023-05-31-a-las-13.02.43-300x225.jpg 300w, https:\/\/eldiariodesanpedro.com.ar\/sitio\/wp-content\/uploads\/2023\/05\/Imagen-de-WhatsApp-2023-05-31-a-las-13.02.43-768x576.jpg 768w, https:\/\/eldiariodesanpedro.com.ar\/sitio\/wp-content\/uploads\/2023\/05\/Imagen-de-WhatsApp-2023-05-31-a-las-13.02.43-272x204.jpg 272w\" data-sizes=\"(max-width: 840px) 100vw, 840px\" src=\"data:image\/svg+xml;base64,PHN2ZyB3aWR0aD0iMSIgaGVpZ2h0PSIxIiB4bWxucz0iaHR0cDovL3d3dy53My5vcmcvMjAwMC9zdmciPjwvc3ZnPg==\" style=\"--smush-placeholder-width: 840px; --smush-placeholder-aspect-ratio: 840\/630;\" \/><\/figure>\n\n\n\n<figure class=\"wp-block-image size-full\"><img decoding=\"async\" width=\"840\" height=\"630\" data-attachment-id=\"118752\" data-permalink=\"https:\/\/eldiariodesanpedro.com.ar\/sitio\/charlas-y-acciones-sobre-prevencion-de-tabaquismo\/imagen-de-whatsapp-2023-05-31-a-las-13-02-421\/\" data-orig-file=\"https:\/\/eldiariodesanpedro.com.ar\/sitio\/wp-content\/uploads\/2023\/05\/Imagen-de-WhatsApp-2023-05-31-a-las-13.02.421.jpg\" data-orig-size=\"840,630\" data-comments-opened=\"0\" data-image-meta=\"{&quot;aperture&quot;:&quot;0&quot;,&quot;credit&quot;:&quot;&quot;,&quot;camera&quot;:&quot;&quot;,&quot;caption&quot;:&quot;&quot;,&quot;created_timestamp&quot;:&quot;0&quot;,&quot;copyright&quot;:&quot;&quot;,&quot;focal_length&quot;:&quot;0&quot;,&quot;iso&quot;:&quot;0&quot;,&quot;shutter_speed&quot;:&quot;0&quot;,&quot;title&quot;:&quot;&quot;,&quot;orientation&quot;:&quot;0&quot;}\" data-image-title=\"Imagen de WhatsApp 2023-05-31 a las 13.02.421\" data-image-description=\"\" data-image-caption=\"\" data-large-file=\"https:\/\/eldiariodesanpedro.com.ar\/sitio\/wp-content\/uploads\/2023\/05\/Imagen-de-WhatsApp-2023-05-31-a-las-13.02.421.jpg\" data-src=\"https:\/\/eldiariodesanpedro.com.ar\/sitio\/wp-content\/uploads\/2023\/05\/Imagen-de-WhatsApp-2023-05-31-a-las-13.02.421.jpg\" alt=\"\" class=\"wp-image-118752 lazyload\" data-srcset=\"https:\/\/eldiariodesanpedro.com.ar\/sitio\/wp-content\/uploads\/2023\/05\/Imagen-de-WhatsApp-2023-05-31-a-las-13.02.421.jpg 840w, https:\/\/eldiariodesanpedro.com.ar\/sitio\/wp-content\/uploads\/2023\/05\/Imagen-de-WhatsApp-2023-05-31-a-las-13.02.421-300x225.jpg 300w, https:\/\/eldiariodesanpedro.com.ar\/sitio\/wp-content\/uploads\/2023\/05\/Imagen-de-WhatsApp-2023-05-31-a-las-13.02.421-768x576.jpg 768w, https:\/\/eldiariodesanpedro.com.ar\/sitio\/wp-content\/uploads\/2023\/05\/Imagen-de-WhatsApp-2023-05-31-a-las-13.02.421-272x204.jpg 272w\" data-sizes=\"(max-width: 840px) 100vw, 840px\" src=\"data:image\/svg+xml;base64,PHN2ZyB3aWR0aD0iMSIgaGVpZ2h0PSIxIiB4bWxucz0iaHR0cDovL3d3dy53My5vcmcvMjAwMC9zdmciPjwvc3ZnPg==\" style=\"--smush-placeholder-width: 840px; --smush-placeholder-aspect-ratio: 840\/630;\" \/><\/figure>\n","protected":false},"excerpt":{"rendered":"<p>En el marco del d\u00eda mundial de lucha contra el tabaco, desde la Secretar\u00eda de Salud de la Municipalidad de San Pedro se est\u00e1n llevando a cabo diversas actividades para concientizar sobre los peligros del tabaquismo, como talleres en escuelas y diagn\u00f3sticos de enfermedades pulmonares. En adhesi\u00f3n a la campa\u00f1a del Ministerio de Salud de [&hellip;]<\/p>\n","protected":false},"author":4,"featured_media":118749,"comment_status":"closed","ping_status":"closed","sticky":false,"template":"","format":"standard","meta":{"om_disable_all_campaigns":false,"_jetpack_memberships_contains_paid_content":false,"footnotes":""},"categories":[50,101,2],"tags":[197,696,33,19],"class_list":["post-118748","post","type-post","status-publish","format-standard","has-post-thumbnail","hentry","category-destacadas","category-interes-general-locales","category-locales","tag-buenos-aires","tag-interes-general","tag-locales","tag-san-pedro"],"aioseo_notices":[],"gutentor_comment":0,"jetpack_featured_media_url":"https:\/\/eldiariodesanpedro.com.ar\/sitio\/wp-content\/uploads\/2023\/05\/Imagen-de-WhatsApp-2023-05-31-a-las-13.02.39.jpg","jetpack_shortlink":"https:\/\/wp.me\/p6RhLt-uTi","jetpack_sharing_enabled":true,"_links":{"self":[{"href":"https:\/\/eldiariodesanpedro.com.ar\/sitio\/wp-json\/wp\/v2\/posts\/118748","targetHints":{"allow":["GET"]}}],"collection":[{"href":"https:\/\/eldiariodesanpedro.com.ar\/sitio\/wp-json\/wp\/v2\/posts"}],"about":[{"href":"https:\/\/eldiariodesanpedro.com.ar\/sitio\/wp-json\/wp\/v2\/types\/post"}],"author":[{"embeddable":true,"href":"https:\/\/eldiariodesanpedro.com.ar\/sitio\/wp-json\/wp\/v2\/users\/4"}],"replies":[{"embeddable":true,"href":"https:\/\/eldiariodesanpedro.com.ar\/sitio\/wp-json\/wp\/v2\/comments?post=118748"}],"version-history":[{"count":1,"href":"https:\/\/eldiariodesanpedro.com.ar\/sitio\/wp-json\/wp\/v2\/posts\/118748\/revisions"}],"predecessor-version":[{"id":118753,"href":"https:\/\/eldiariodesanpedro.com.ar\/sitio\/wp-json\/wp\/v2\/posts\/118748\/revisions\/118753"}],"wp:featuredmedia":[{"embeddable":true,"href":"https:\/\/eldiariodesanpedro.com.ar\/sitio\/wp-json\/wp\/v2\/media\/118749"}],"wp:attachment":[{"href":"https:\/\/eldiariodesanpedro.com.ar\/sitio\/wp-json\/wp\/v2\/media?parent=118748"}],"wp:term":[{"taxonomy":"category","embeddable":true,"href":"https:\/\/eldiariodesanpedro.com.ar\/sitio\/wp-json\/wp\/v2\/categories?post=118748"},{"taxonomy":"post_tag","embeddable":true,"href":"https:\/\/eldiariodesanpedro.com.ar\/sitio\/wp-json\/wp\/v2\/tags?post=118748"}],"curies":[{"name":"wp","href":"https:\/\/api.w.org\/{rel}","templated":true}]}}