{"id":118745,"date":"2023-05-31T14:01:10","date_gmt":"2023-05-31T17:01:10","guid":{"rendered":"https:\/\/eldiariodesanpedro.com.ar\/sitio\/?p=118745"},"modified":"2023-05-31T14:01:12","modified_gmt":"2023-05-31T17:01:12","slug":"continua-en-el-polo-municipal-el-programa-creando-conciencia-para-personas-con-diabetes","status":"publish","type":"post","link":"https:\/\/eldiariodesanpedro.com.ar\/sitio\/continua-en-el-polo-municipal-el-programa-creando-conciencia-para-personas-con-diabetes\/","title":{"rendered":"Contin\u00faa en el Polo Municipal el programa \u00abCreando Conciencia\u00bb para personas con Diabetes"},"content":{"rendered":"<!-- VideographyWP Plugin Message: Automatic video embedding prevented by plugin options. -->\n\n<p>En el Polo Municipal de Salud contin\u00faa desarroll\u00e1ndose el programa \u00abCreando Conciencia\u00bb, dirigido a personas con diabetes con charlas educativas, actividad f\u00edsica y terapia grupal.<\/p>\n\n\n\n<p>El objetivo principal de estos encuentros es fomentar la autonom\u00eda y el autocontrol en la vida diaria de las personas con diabetes, proporcion\u00e1ndoles informaci\u00f3n sobre la enfermedad, sus complicaciones y los derechos que tienen como pacientes.<\/p>\n\n\n\n<p>Estos talleres se llevar\u00e1n a cabo los \u00faltimos mi\u00e9rcoles de cada mes en el Polo Municipal de Salud, por lo que el pr\u00f3ximo encuentro se realizar\u00e1 el d\u00eda 28 de junio.<\/p>\n\n\n\n<p>La Municipalidad de San Pedro, a trav\u00e9s de la Secretar\u00eda de Salud invita a todas las personas con diabetes a participar en este programa educativo y preventivo, que busca mejorar su calidad de vida y prevenir complicaciones asociadas a&nbsp;la&nbsp;enfermedad.<\/p>\n","protected":false},"excerpt":{"rendered":"<p>En el Polo Municipal de Salud contin\u00faa desarroll\u00e1ndose el programa \u00abCreando Conciencia\u00bb, dirigido a personas con diabetes con charlas educativas, actividad f\u00edsica y terapia grupal. El objetivo principal de estos encuentros es fomentar la autonom\u00eda y el autocontrol en la vida diaria de las personas con diabetes, proporcion\u00e1ndoles informaci\u00f3n sobre la enfermedad, sus complicaciones y [&hellip;]<\/p>\n","protected":false},"author":4,"featured_media":118746,"comment_status":"closed","ping_status":"closed","sticky":false,"template":"","format":"standard","meta":{"om_disable_all_campaigns":false,"_jetpack_memberships_contains_paid_content":false,"footnotes":""},"categories":[50,101,2],"tags":[197,696,33,19],"class_list":["post-118745","post","type-post","status-publish","format-standard","has-post-thumbnail","hentry","category-destacadas","category-interes-general-locales","category-locales","tag-buenos-aires","tag-interes-general","tag-locales","tag-san-pedro"],"aioseo_notices":[],"gutentor_comment":0,"jetpack_featured_media_url":"https:\/\/eldiariodesanpedro.com.ar\/sitio\/wp-content\/uploads\/2023\/05\/Imagen-de-WhatsApp-2023-05-31-a-las-12.55.58.jpg","jetpack_shortlink":"https:\/\/wp.me\/p6RhLt-uTf","jetpack_sharing_enabled":true,"_links":{"self":[{"href":"https:\/\/eldiariodesanpedro.com.ar\/sitio\/wp-json\/wp\/v2\/posts\/118745","targetHints":{"allow":["GET"]}}],"collection":[{"href":"https:\/\/eldiariodesanpedro.com.ar\/sitio\/wp-json\/wp\/v2\/posts"}],"about":[{"href":"https:\/\/eldiariodesanpedro.com.ar\/sitio\/wp-json\/wp\/v2\/types\/post"}],"author":[{"embeddable":true,"href":"https:\/\/eldiariodesanpedro.com.ar\/sitio\/wp-json\/wp\/v2\/users\/4"}],"replies":[{"embeddable":true,"href":"https:\/\/eldiariodesanpedro.com.ar\/sitio\/wp-json\/wp\/v2\/comments?post=118745"}],"version-history":[{"count":1,"href":"https:\/\/eldiariodesanpedro.com.ar\/sitio\/wp-json\/wp\/v2\/posts\/118745\/revisions"}],"predecessor-version":[{"id":118747,"href":"https:\/\/eldiariodesanpedro.com.ar\/sitio\/wp-json\/wp\/v2\/posts\/118745\/revisions\/118747"}],"wp:featuredmedia":[{"embeddable":true,"href":"https:\/\/eldiariodesanpedro.com.ar\/sitio\/wp-json\/wp\/v2\/media\/118746"}],"wp:attachment":[{"href":"https:\/\/eldiariodesanpedro.com.ar\/sitio\/wp-json\/wp\/v2\/media?parent=118745"}],"wp:term":[{"taxonomy":"category","embeddable":true,"href":"https:\/\/eldiariodesanpedro.com.ar\/sitio\/wp-json\/wp\/v2\/categories?post=118745"},{"taxonomy":"post_tag","embeddable":true,"href":"https:\/\/eldiariodesanpedro.com.ar\/sitio\/wp-json\/wp\/v2\/tags?post=118745"}],"curies":[{"name":"wp","href":"https:\/\/api.w.org\/{rel}","templated":true}]}}