{"id":118724,"date":"2023-05-30T18:25:08","date_gmt":"2023-05-30T21:25:08","guid":{"rendered":"https:\/\/eldiariodesanpedro.com.ar\/sitio\/?p=118724"},"modified":"2023-05-30T18:25:10","modified_gmt":"2023-05-30T21:25:10","slug":"el-intendente-cecilio-salazar-confirmo-su-postulacion-para-un-nuevo-mandato","status":"publish","type":"post","link":"https:\/\/eldiariodesanpedro.com.ar\/sitio\/el-intendente-cecilio-salazar-confirmo-su-postulacion-para-un-nuevo-mandato\/","title":{"rendered":"El intendente Cecilio Salazar confirmo su postulaci\u00f3n para un nuevo mandato"},"content":{"rendered":"<!-- VideographyWP Plugin Message: Automatic video embedding prevented by plugin options. -->\n\n<p>El Intendente de San Pedro, Cecilio Salazar, confirm\u00f3 en una entrevista con Equipo de Radio que buscar\u00e1 un nuevo mandato en las pr\u00f3ximas elecciones. Esta noticia llega despu\u00e9s de varios rumores sobre su intenci\u00f3n de volver a presentarse como candidato. La confirmaci\u00f3n llega en un momento crucial, ya que se est\u00e1n definiendo los nombres de los concejales y consejeros escolares que lo acompa\u00f1ar\u00e1n en su lista.<\/p>\n\n\n\n<p>Cuando se le consult\u00f3 sobre su decisi\u00f3n, Salazar expres\u00f3: \u00abHe recibido peticiones tanto del \u00e1mbito pol\u00edtico nacional y provincial, como tambi\u00e9n de los ciudadanos de San Pedro en los \u00faltimos tiempos. Tengo un compromiso con los sampedrinos y sampedrinas\u00bb.<\/p>\n\n\n\n<p>En las pr\u00f3ximas horas, el intendente participar\u00e1 en una asamblea del Partido Justicialista en la sede ubicada en Ruiz Moreno 135. La reuni\u00f3n ha sido convocada por la conducci\u00f3n del partido con el objetivo de \u00abfortalecer nuestro proyecto pol\u00edtico\u00bb. Durante la reuni\u00f3n, se analizar\u00e1 la composici\u00f3n de la lista de candidatos y se espera formar un equipo de trabajo s\u00f3lido.<\/p>\n\n\n\n<p>Salazar expres\u00f3 su intenci\u00f3n de conformar una lista de concejales de alta calidad y destac\u00f3: \u00abVamos a analizar la composici\u00f3n de la lista para lo que viene, y seguramente vamos a conformar una muy buena lista de concejales y un buen equipo de trabajo\u00bb.<\/p>\n\n\n\n<p>En cuanto a los rumores que se\u00f1alan a Alfredo Carrasco como posible l\u00edder de la lista, Salazar declar\u00f3 que a\u00fan no se ha tomado una decisi\u00f3n al respecto. Sin embargo, el intendente elogi\u00f3 el trabajo realizado por Carrasco y lo compar\u00f3 con Mario S\u00e1nchez Negrete, resaltando su dedicaci\u00f3n y laboriosidad.<\/p>\n\n\n\n<p>Con esta noticia, Cecilio Salazar oficializa su intenci\u00f3n de continuar al frente del municipio de San Pedro, buscando el respaldo de su partido y de la ciudadan\u00eda en las pr\u00f3ximas elecciones.<\/p>\n","protected":false},"excerpt":{"rendered":"<p>El Intendente de San Pedro, Cecilio Salazar, confirm\u00f3 en una entrevista con Equipo de Radio que buscar\u00e1 un nuevo mandato en las pr\u00f3ximas elecciones. Esta noticia llega despu\u00e9s de varios rumores sobre su intenci\u00f3n de volver a presentarse como candidato. La confirmaci\u00f3n llega en un momento crucial, ya que se est\u00e1n definiendo los nombres de [&hellip;]<\/p>\n","protected":false},"author":4,"featured_media":21993,"comment_status":"closed","ping_status":"closed","sticky":false,"template":"","format":"standard","meta":{"om_disable_all_campaigns":false,"_jetpack_memberships_contains_paid_content":false,"footnotes":""},"categories":[50,101,2],"tags":[],"class_list":["post-118724","post","type-post","status-publish","format-standard","has-post-thumbnail","hentry","category-destacadas","category-interes-general-locales","category-locales"],"aioseo_notices":[],"gutentor_comment":0,"jetpack_featured_media_url":"https:\/\/eldiariodesanpedro.com.ar\/sitio\/wp-content\/uploads\/2017\/08\/Cecilio_Salazar-.jpg","jetpack_shortlink":"https:\/\/wp.me\/p6RhLt-uSU","jetpack_sharing_enabled":true,"_links":{"self":[{"href":"https:\/\/eldiariodesanpedro.com.ar\/sitio\/wp-json\/wp\/v2\/posts\/118724","targetHints":{"allow":["GET"]}}],"collection":[{"href":"https:\/\/eldiariodesanpedro.com.ar\/sitio\/wp-json\/wp\/v2\/posts"}],"about":[{"href":"https:\/\/eldiariodesanpedro.com.ar\/sitio\/wp-json\/wp\/v2\/types\/post"}],"author":[{"embeddable":true,"href":"https:\/\/eldiariodesanpedro.com.ar\/sitio\/wp-json\/wp\/v2\/users\/4"}],"replies":[{"embeddable":true,"href":"https:\/\/eldiariodesanpedro.com.ar\/sitio\/wp-json\/wp\/v2\/comments?post=118724"}],"version-history":[{"count":1,"href":"https:\/\/eldiariodesanpedro.com.ar\/sitio\/wp-json\/wp\/v2\/posts\/118724\/revisions"}],"predecessor-version":[{"id":118725,"href":"https:\/\/eldiariodesanpedro.com.ar\/sitio\/wp-json\/wp\/v2\/posts\/118724\/revisions\/118725"}],"wp:featuredmedia":[{"embeddable":true,"href":"https:\/\/eldiariodesanpedro.com.ar\/sitio\/wp-json\/wp\/v2\/media\/21993"}],"wp:attachment":[{"href":"https:\/\/eldiariodesanpedro.com.ar\/sitio\/wp-json\/wp\/v2\/media?parent=118724"}],"wp:term":[{"taxonomy":"category","embeddable":true,"href":"https:\/\/eldiariodesanpedro.com.ar\/sitio\/wp-json\/wp\/v2\/categories?post=118724"},{"taxonomy":"post_tag","embeddable":true,"href":"https:\/\/eldiariodesanpedro.com.ar\/sitio\/wp-json\/wp\/v2\/tags?post=118724"}],"curies":[{"name":"wp","href":"https:\/\/api.w.org\/{rel}","templated":true}]}}