{"id":118721,"date":"2023-05-30T18:19:00","date_gmt":"2023-05-30T21:19:00","guid":{"rendered":"https:\/\/eldiariodesanpedro.com.ar\/sitio\/?p=118721"},"modified":"2023-05-30T18:19:01","modified_gmt":"2023-05-30T21:19:01","slug":"despues-de-dos-anos-inactivo-comienzan-los-trabajos-de-reparacion-del-tanque-copa","status":"publish","type":"post","link":"https:\/\/eldiariodesanpedro.com.ar\/sitio\/despues-de-dos-anos-inactivo-comienzan-los-trabajos-de-reparacion-del-tanque-copa\/","title":{"rendered":"Despu\u00e9s de dos a\u00f1os inactivo comienzan los trabajos de reparaci\u00f3n del tanque copa"},"content":{"rendered":"<!-- VideographyWP Plugin Message: Automatic video embedding prevented by plugin options. -->\n\n<p>Tras una ardua tarea de limpieza para preparar el terreno, la empresa adjudicataria APCO finalmente dar\u00e1 comienzo a los trabajos de reparaci\u00f3n del tanque copa de almacenamiento de agua potable. Este importante avance se produjo luego de que la Secretar\u00eda de Econom\u00eda de la Municipalidad lograra destrabar la situaci\u00f3n con la empresa y realizara el adelanto correspondiente.<\/p>\n\n\n\n<p>La empresa APCO fue seleccionada para llevar a cabo la reparaci\u00f3n del tanque, cuya salida de servicio ocurri\u00f3 en diciembre del a\u00f1o 2021. La necesidad de solucionar este problema se volvi\u00f3 prioritaria, por lo que el Intendente de la localidad se reuni\u00f3 personalmente con los directivos de APCO para agilizar los tr\u00e1mites necesarios.<\/p>\n\n\n\n<p>Una de las decisiones clave tomadas por las autoridades fue destinar parte del Fondo de Obras P\u00fablicas Comunitarias para financiar estos trabajos. Esta medida permitir\u00e1 que el tanque de almacenamiento de agua potable recupere su pleno funcionamiento en el menor tiempo posible, garantizando as\u00ed el abastecimiento de agua potable a toda la comunidad.<\/p>\n\n\n\n<p>La importancia de esta reparaci\u00f3n radica en la relevancia vital que tiene el tanque para asegurar el suministro de agua potable a los habitantes de la localidad. Una vez completados los trabajos, se espera que la capacidad y la calidad del servicio mejoren significativamente, brindando mayor tranquilidad y bienestar a todos los residentes.<\/p>\n\n\n\n<p>Con el inicio de las labores de reparaci\u00f3n, se espera que el proyecto avance de manera eficiente y se cumplan los plazos establecidos. La empresa adjudicataria APCO cuenta con una s\u00f3lida reputaci\u00f3n en el rubro y se compromete a realizar las tareas con la m\u00e1xima profesionalidad y dedicaci\u00f3n.<\/p>\n\n\n\n<p>La Municipalidad seguir\u00e1 supervisando de cerca el desarrollo de los trabajos para asegurar que se cumplan los est\u00e1ndares de calidad requeridos y que la reparaci\u00f3n se lleve a cabo sin contratiempos. Se espera que una vez finalizados los trabajos, la comunidad pueda disfrutar nuevamente de un servicio de agua potable \u00f3ptimo y confiable.<\/p>\n\n\n\n<p>En resumen, la empresa adjudicataria APCO dar\u00e1 inicio a la tan esperada reparaci\u00f3n del tanque copa de almacenamiento de agua potable, luego de superar los obst\u00e1culos y contar con el respaldo econ\u00f3mico del Fondo de Obras P\u00fablicas Comunitarias. <\/p>\n","protected":false},"excerpt":{"rendered":"<p>Tras una ardua tarea de limpieza para preparar el terreno, la empresa adjudicataria APCO finalmente dar\u00e1 comienzo a los trabajos de reparaci\u00f3n del tanque copa de almacenamiento de agua potable. Este importante avance se produjo luego de que la Secretar\u00eda de Econom\u00eda de la Municipalidad lograra destrabar la situaci\u00f3n con la empresa y realizara el [&hellip;]<\/p>\n","protected":false},"author":4,"featured_media":118722,"comment_status":"closed","ping_status":"closed","sticky":false,"template":"","format":"standard","meta":{"om_disable_all_campaigns":false,"_jetpack_memberships_contains_paid_content":false,"footnotes":""},"categories":[50,101,2],"tags":[],"class_list":["post-118721","post","type-post","status-publish","format-standard","has-post-thumbnail","hentry","category-destacadas","category-interes-general-locales","category-locales"],"aioseo_notices":[],"gutentor_comment":0,"jetpack_featured_media_url":"https:\/\/eldiariodesanpedro.com.ar\/sitio\/wp-content\/uploads\/2023\/05\/medida-51.png","jetpack_shortlink":"https:\/\/wp.me\/p6RhLt-uSR","jetpack_sharing_enabled":true,"_links":{"self":[{"href":"https:\/\/eldiariodesanpedro.com.ar\/sitio\/wp-json\/wp\/v2\/posts\/118721","targetHints":{"allow":["GET"]}}],"collection":[{"href":"https:\/\/eldiariodesanpedro.com.ar\/sitio\/wp-json\/wp\/v2\/posts"}],"about":[{"href":"https:\/\/eldiariodesanpedro.com.ar\/sitio\/wp-json\/wp\/v2\/types\/post"}],"author":[{"embeddable":true,"href":"https:\/\/eldiariodesanpedro.com.ar\/sitio\/wp-json\/wp\/v2\/users\/4"}],"replies":[{"embeddable":true,"href":"https:\/\/eldiariodesanpedro.com.ar\/sitio\/wp-json\/wp\/v2\/comments?post=118721"}],"version-history":[{"count":1,"href":"https:\/\/eldiariodesanpedro.com.ar\/sitio\/wp-json\/wp\/v2\/posts\/118721\/revisions"}],"predecessor-version":[{"id":118723,"href":"https:\/\/eldiariodesanpedro.com.ar\/sitio\/wp-json\/wp\/v2\/posts\/118721\/revisions\/118723"}],"wp:featuredmedia":[{"embeddable":true,"href":"https:\/\/eldiariodesanpedro.com.ar\/sitio\/wp-json\/wp\/v2\/media\/118722"}],"wp:attachment":[{"href":"https:\/\/eldiariodesanpedro.com.ar\/sitio\/wp-json\/wp\/v2\/media?parent=118721"}],"wp:term":[{"taxonomy":"category","embeddable":true,"href":"https:\/\/eldiariodesanpedro.com.ar\/sitio\/wp-json\/wp\/v2\/categories?post=118721"},{"taxonomy":"post_tag","embeddable":true,"href":"https:\/\/eldiariodesanpedro.com.ar\/sitio\/wp-json\/wp\/v2\/tags?post=118721"}],"curies":[{"name":"wp","href":"https:\/\/api.w.org\/{rel}","templated":true}]}}