{"id":118718,"date":"2023-05-30T18:10:18","date_gmt":"2023-05-30T21:10:18","guid":{"rendered":"https:\/\/eldiariodesanpedro.com.ar\/sitio\/?p=118718"},"modified":"2023-05-30T18:10:19","modified_gmt":"2023-05-30T21:10:19","slug":"el-ministerio-de-habitat-de-buenos-aires-firma-acuerdos-para-la-construccion-de-96-viviendas-en-san-pedro","status":"publish","type":"post","link":"https:\/\/eldiariodesanpedro.com.ar\/sitio\/el-ministerio-de-habitat-de-buenos-aires-firma-acuerdos-para-la-construccion-de-96-viviendas-en-san-pedro\/","title":{"rendered":"El Ministerio de H\u00e1bitat de Buenos Aires firma acuerdos para la construcci\u00f3n de 96 viviendas en San Pedro"},"content":{"rendered":"<!-- VideographyWP Plugin Message: Automatic video embedding prevented by plugin options. -->\n\n<p>El Ministerio de H\u00e1bitat de la provincia de Buenos Aires se prepara para firmar ma\u00f1ana los convenios con la FECOOTRA (Federaci\u00f3n de Cooperativas de Trabajo) para la construcci\u00f3n de 96 unidades habitacionales en el partido de San Pedro. Los detalles finales est\u00e1n siendo ultimados por el \u00e1rea dirigida por el Ministro Agust\u00edn Simone, con el objetivo de permitir el avance de los proyectos.<\/p>\n\n\n\n<p>Estos acuerdos se traducir\u00e1n en la creaci\u00f3n de dos nuevos barrios, uno con 55 viviendas y otro con 41, que se sumar\u00e1n a los proyectos que ya se encuentran en construcci\u00f3n y que comenzar\u00e1n pronto en la ciudad cabecera y las localidades del distrito.<\/p>\n\n\n\n<p>El Intendente Cecilio Salazar comparti\u00f3 su entusiasmo por los avances logrados, afirmando: \u00abMa\u00f1ana viajar\u00e9 a La Plata para firmar el convenio de financiamiento para las viviendas, que incluir\u00e1 infraestructura, agua y cloacas. La ubicaci\u00f3n de los terrenos est\u00e1 en el fondo de Boulevard Moreno, una cuadra que se ha abierto. En ese lugar, hay terrenos disponibles y se planea construir un total de 200 viviendas. Hasta ahora, se nos ha otorgado un total de 96 viviendas\u00bb.<\/p>\n\n\n\n<p>El Intendente Salazar tambi\u00e9n mencion\u00f3 que est\u00e1n a la espera del desembolso del adelanto y que la obra se llevar\u00e1 a cabo en colaboraci\u00f3n con la Federaci\u00f3n de Cooperativas de la Provincia. Los terrenos son propiedad de la cooperativa, la cual los ha adquirido. El mandatario comunal se\u00f1al\u00f3 que a\u00fan no se ha determinado el m\u00e9todo para la adjudicaci\u00f3n de las viviendas, pero se considera realizar un sorteo, ya que los beneficiarios deber\u00e1n adquirir el terreno a un costo muy bajo.<\/p>\n\n\n\n<p>Con la firma de estos convenios, se da un paso significativo hacia la mejora de las condiciones de vida de los habitantes de San Pedro, brindando acceso a viviendas asequibles y dignas. El Ministerio de H\u00e1bitat y la FECOOTRA contin\u00faan trabajando en conjunto para impulsar el desarrollo de m\u00e1s proyectos habitacionales en la provincia de Buenos Aires.<\/p>\n","protected":false},"excerpt":{"rendered":"<p>El Ministerio de H\u00e1bitat de la provincia de Buenos Aires se prepara para firmar ma\u00f1ana los convenios con la FECOOTRA (Federaci\u00f3n de Cooperativas de Trabajo) para la construcci\u00f3n de 96 unidades habitacionales en el partido de San Pedro. Los detalles finales est\u00e1n siendo ultimados por el \u00e1rea dirigida por el Ministro Agust\u00edn Simone, con el [&hellip;]<\/p>\n","protected":false},"author":4,"featured_media":118719,"comment_status":"closed","ping_status":"closed","sticky":false,"template":"","format":"standard","meta":{"om_disable_all_campaigns":false,"_jetpack_memberships_contains_paid_content":false,"footnotes":""},"categories":[50,101,2],"tags":[197,4209,19],"class_list":["post-118718","post","type-post","status-publish","format-standard","has-post-thumbnail","hentry","category-destacadas","category-interes-general-locales","category-locales","tag-buenos-aires","tag-el-ministerio-de-habitat-de-buenos-aires-firma-acuerdos-para-la-construccion-de-96-viviendas-en-san-pedro","tag-san-pedro"],"aioseo_notices":[],"gutentor_comment":0,"jetpack_featured_media_url":"https:\/\/eldiariodesanpedro.com.ar\/sitio\/wp-content\/uploads\/2023\/05\/3_4.jpeg","jetpack_shortlink":"https:\/\/wp.me\/p6RhLt-uSO","jetpack_sharing_enabled":true,"_links":{"self":[{"href":"https:\/\/eldiariodesanpedro.com.ar\/sitio\/wp-json\/wp\/v2\/posts\/118718","targetHints":{"allow":["GET"]}}],"collection":[{"href":"https:\/\/eldiariodesanpedro.com.ar\/sitio\/wp-json\/wp\/v2\/posts"}],"about":[{"href":"https:\/\/eldiariodesanpedro.com.ar\/sitio\/wp-json\/wp\/v2\/types\/post"}],"author":[{"embeddable":true,"href":"https:\/\/eldiariodesanpedro.com.ar\/sitio\/wp-json\/wp\/v2\/users\/4"}],"replies":[{"embeddable":true,"href":"https:\/\/eldiariodesanpedro.com.ar\/sitio\/wp-json\/wp\/v2\/comments?post=118718"}],"version-history":[{"count":1,"href":"https:\/\/eldiariodesanpedro.com.ar\/sitio\/wp-json\/wp\/v2\/posts\/118718\/revisions"}],"predecessor-version":[{"id":118720,"href":"https:\/\/eldiariodesanpedro.com.ar\/sitio\/wp-json\/wp\/v2\/posts\/118718\/revisions\/118720"}],"wp:featuredmedia":[{"embeddable":true,"href":"https:\/\/eldiariodesanpedro.com.ar\/sitio\/wp-json\/wp\/v2\/media\/118719"}],"wp:attachment":[{"href":"https:\/\/eldiariodesanpedro.com.ar\/sitio\/wp-json\/wp\/v2\/media?parent=118718"}],"wp:term":[{"taxonomy":"category","embeddable":true,"href":"https:\/\/eldiariodesanpedro.com.ar\/sitio\/wp-json\/wp\/v2\/categories?post=118718"},{"taxonomy":"post_tag","embeddable":true,"href":"https:\/\/eldiariodesanpedro.com.ar\/sitio\/wp-json\/wp\/v2\/tags?post=118718"}],"curies":[{"name":"wp","href":"https:\/\/api.w.org\/{rel}","templated":true}]}}