{"id":118716,"date":"2023-05-30T18:03:33","date_gmt":"2023-05-30T21:03:33","guid":{"rendered":"https:\/\/eldiariodesanpedro.com.ar\/sitio\/?p=118716"},"modified":"2023-05-30T18:03:35","modified_gmt":"2023-05-30T21:03:35","slug":"iarsa-y-vialidad-firmaron-el-contrato-para-la-repavimentacion-de-la-ruta-1001","status":"publish","type":"post","link":"https:\/\/eldiariodesanpedro.com.ar\/sitio\/iarsa-y-vialidad-firmaron-el-contrato-para-la-repavimentacion-de-la-ruta-1001\/","title":{"rendered":"IARSA y Vialidad firmaron el contrato para la repavimentaci\u00f3n de la Ruta 1001"},"content":{"rendered":"<!-- VideographyWP Plugin Message: Automatic video embedding prevented by plugin options. -->\n\n<p>El Administrador Provincial de Vialidad, Hern\u00e1n Y Zurieta, junto con representantes de la empresa Ingeniero Alberto Reano S.A. (IARSA), han firmado el contrato para llevar a cabo la obra de repavimentaci\u00f3n de la Ruta 1001. Este importante proyecto fue acordado durante la \u00faltima semana y marca el inicio de los tr\u00e1mites finales para los desembolsos de fondos y el inicio de la construcci\u00f3n.<\/p>\n\n\n\n<p>El presupuesto oficial estipulado para esta obra ascend\u00eda a 1.850 millones de pesos, pero la propuesta presentada por la empresa ganadora de la licitaci\u00f3n alcanz\u00f3 aproximadamente los 2.100 millones de pesos. Esta cifra se encuentra dentro del margen previsto por el gobierno bonaerense para compensar la inflaci\u00f3n.<\/p>\n\n\n\n<p>La repavimentaci\u00f3n abarcar\u00e1 varios tramos de la Ruta 1001, entre ellos, desde R\u00edo Tala hasta Crucero General Belgrano, as\u00ed como desde la Avenida 11 de Septiembre hasta el Corral\u00f3n Municipal. Adem\u00e1s, se tiene previsto realizar trabajos de bacheo en Crucero General Belgrano, desde la rotonda Gaucho Rivero hasta la ruta 1001.<\/p>\n\n\n\n<p>El Intendente Cecilio Salazar, en una entrevista con Equipo de Radio, explic\u00f3: \u00abEstamos solicitando que la obra comience desde el Fort\u00edn o el Corral\u00f3n en direcci\u00f3n a la Avenida 11 de Septiembre. Este tramo se encuentra muy deteriorado y hay un gran flujo de tr\u00e1fico de estudiantes y familias que se dirigen a la Escuela 13 de Mataderos. Una vez finalizada esa parte, se retomar\u00e1n los trabajos en Crucero General Belgrano y Ruta 1001\u00bb.<\/p>\n\n\n\n<p>Con la firma del contrato, se da un paso importante hacia la mejora de la infraestructura vial en la zona, lo que beneficiar\u00e1 a los conductores y peatones que transitan por la Ruta 1001, as\u00ed como a la comunidad en general. Se espera que la repavimentaci\u00f3n y el bacheo contribuyan a garantizar una mejor calidad de vida y mayor seguridad para todos los residentes y visitantes de la zona afectada.<\/p>\n","protected":false},"excerpt":{"rendered":"<p>El Administrador Provincial de Vialidad, Hern\u00e1n Y Zurieta, junto con representantes de la empresa Ingeniero Alberto Reano S.A. (IARSA), han firmado el contrato para llevar a cabo la obra de repavimentaci\u00f3n de la Ruta 1001. Este importante proyecto fue acordado durante la \u00faltima semana y marca el inicio de los tr\u00e1mites finales para los desembolsos [&hellip;]<\/p>\n","protected":false},"author":4,"featured_media":33668,"comment_status":"closed","ping_status":"closed","sticky":false,"template":"","format":"standard","meta":{"om_disable_all_campaigns":false,"_jetpack_memberships_contains_paid_content":false,"footnotes":""},"categories":[50,101,2],"tags":[197,696,33,19],"class_list":["post-118716","post","type-post","status-publish","format-standard","has-post-thumbnail","hentry","category-destacadas","category-interes-general-locales","category-locales","tag-buenos-aires","tag-interes-general","tag-locales","tag-san-pedro"],"aioseo_notices":[],"gutentor_comment":0,"jetpack_featured_media_url":"https:\/\/eldiariodesanpedro.com.ar\/sitio\/wp-content\/uploads\/2018\/05\/ruta100120182.jpg","jetpack_shortlink":"https:\/\/wp.me\/p6RhLt-uSM","jetpack_sharing_enabled":true,"_links":{"self":[{"href":"https:\/\/eldiariodesanpedro.com.ar\/sitio\/wp-json\/wp\/v2\/posts\/118716","targetHints":{"allow":["GET"]}}],"collection":[{"href":"https:\/\/eldiariodesanpedro.com.ar\/sitio\/wp-json\/wp\/v2\/posts"}],"about":[{"href":"https:\/\/eldiariodesanpedro.com.ar\/sitio\/wp-json\/wp\/v2\/types\/post"}],"author":[{"embeddable":true,"href":"https:\/\/eldiariodesanpedro.com.ar\/sitio\/wp-json\/wp\/v2\/users\/4"}],"replies":[{"embeddable":true,"href":"https:\/\/eldiariodesanpedro.com.ar\/sitio\/wp-json\/wp\/v2\/comments?post=118716"}],"version-history":[{"count":1,"href":"https:\/\/eldiariodesanpedro.com.ar\/sitio\/wp-json\/wp\/v2\/posts\/118716\/revisions"}],"predecessor-version":[{"id":118717,"href":"https:\/\/eldiariodesanpedro.com.ar\/sitio\/wp-json\/wp\/v2\/posts\/118716\/revisions\/118717"}],"wp:featuredmedia":[{"embeddable":true,"href":"https:\/\/eldiariodesanpedro.com.ar\/sitio\/wp-json\/wp\/v2\/media\/33668"}],"wp:attachment":[{"href":"https:\/\/eldiariodesanpedro.com.ar\/sitio\/wp-json\/wp\/v2\/media?parent=118716"}],"wp:term":[{"taxonomy":"category","embeddable":true,"href":"https:\/\/eldiariodesanpedro.com.ar\/sitio\/wp-json\/wp\/v2\/categories?post=118716"},{"taxonomy":"post_tag","embeddable":true,"href":"https:\/\/eldiariodesanpedro.com.ar\/sitio\/wp-json\/wp\/v2\/tags?post=118716"}],"curies":[{"name":"wp","href":"https:\/\/api.w.org\/{rel}","templated":true}]}}