{"id":118713,"date":"2023-05-30T17:56:16","date_gmt":"2023-05-30T20:56:16","guid":{"rendered":"https:\/\/eldiariodesanpedro.com.ar\/sitio\/?p=118713"},"modified":"2023-05-30T17:56:18","modified_gmt":"2023-05-30T20:56:18","slug":"buques-remolcadores-cargaran-mas-de-5000-toneladas-de-maiz-para-llevar-a-uruguay","status":"publish","type":"post","link":"https:\/\/eldiariodesanpedro.com.ar\/sitio\/buques-remolcadores-cargaran-mas-de-5000-toneladas-de-maiz-para-llevar-a-uruguay\/","title":{"rendered":"Buques remolcadores cargar\u00e1n m\u00e1s de 5000 toneladas de ma\u00edz para llevar a Uruguay"},"content":{"rendered":"<!-- VideographyWP Plugin Message: Automatic video embedding prevented by plugin options. -->\n\n<p>El puerto de San Pedro se prepara para recibir una importante llegada el pr\u00f3ximo 31 de mayo de 2023. El remolcador \u00abCimarr\u00f3n\u00bb y las barcazas KC 1201, KC 1202, KC 1204 y KC 1205, todas bajo bandera uruguaya, atracar\u00e1n en el puerto a las 06:00 hs. Esta operaci\u00f3n se llevar\u00e1 a cabo para cargar una carga significativa de ma\u00edz a granel, con un peso total de 5000 toneladas. El destino final de esta carga ser\u00e1 Uruguay.<\/p>\n\n\n\n<p>Una vez que se complete el proceso de carga, se espera que estas embarcaciones zarpen el 3 de junio de 2023. Esta acci\u00f3n permitir\u00e1 la liberaci\u00f3n de los muelles del puerto, lo cual es esencial para facilitar nuevas operaciones y mantener un flujo constante de comercio en la regi\u00f3n.<\/p>\n\n\n\n<p>La llegada y partida de estas embarcaciones es importante para el puerto de San Pedro, ya que demuestra su capacidad para gestionar operaciones de carga y descarga de grandes vol\u00famenes. Adem\u00e1s, refuerza los lazos comerciales entre Uruguay y el puerto, fortaleciendo as\u00ed la econom\u00eda regional.<\/p>\n","protected":false},"excerpt":{"rendered":"<p>El puerto de San Pedro se prepara para recibir una importante llegada el pr\u00f3ximo 31 de mayo de 2023. El remolcador \u00abCimarr\u00f3n\u00bb y las barcazas KC 1201, KC 1202, KC 1204 y KC 1205, todas bajo bandera uruguaya, atracar\u00e1n en el puerto a las 06:00 hs. Esta operaci\u00f3n se llevar\u00e1 a cabo para cargar una [&hellip;]<\/p>\n","protected":false},"author":4,"featured_media":118714,"comment_status":"closed","ping_status":"closed","sticky":false,"template":"","format":"standard","meta":{"om_disable_all_campaigns":false,"_jetpack_memberships_contains_paid_content":false,"footnotes":""},"categories":[101,2],"tags":[197,696,33,19],"class_list":["post-118713","post","type-post","status-publish","format-standard","has-post-thumbnail","hentry","category-interes-general-locales","category-locales","tag-buenos-aires","tag-interes-general","tag-locales","tag-san-pedro"],"aioseo_notices":[],"gutentor_comment":0,"jetpack_featured_media_url":"https:\/\/eldiariodesanpedro.com.ar\/sitio\/wp-content\/uploads\/2023\/05\/medida-50.png","jetpack_shortlink":"https:\/\/wp.me\/p6RhLt-uSJ","jetpack_sharing_enabled":true,"_links":{"self":[{"href":"https:\/\/eldiariodesanpedro.com.ar\/sitio\/wp-json\/wp\/v2\/posts\/118713","targetHints":{"allow":["GET"]}}],"collection":[{"href":"https:\/\/eldiariodesanpedro.com.ar\/sitio\/wp-json\/wp\/v2\/posts"}],"about":[{"href":"https:\/\/eldiariodesanpedro.com.ar\/sitio\/wp-json\/wp\/v2\/types\/post"}],"author":[{"embeddable":true,"href":"https:\/\/eldiariodesanpedro.com.ar\/sitio\/wp-json\/wp\/v2\/users\/4"}],"replies":[{"embeddable":true,"href":"https:\/\/eldiariodesanpedro.com.ar\/sitio\/wp-json\/wp\/v2\/comments?post=118713"}],"version-history":[{"count":1,"href":"https:\/\/eldiariodesanpedro.com.ar\/sitio\/wp-json\/wp\/v2\/posts\/118713\/revisions"}],"predecessor-version":[{"id":118715,"href":"https:\/\/eldiariodesanpedro.com.ar\/sitio\/wp-json\/wp\/v2\/posts\/118713\/revisions\/118715"}],"wp:featuredmedia":[{"embeddable":true,"href":"https:\/\/eldiariodesanpedro.com.ar\/sitio\/wp-json\/wp\/v2\/media\/118714"}],"wp:attachment":[{"href":"https:\/\/eldiariodesanpedro.com.ar\/sitio\/wp-json\/wp\/v2\/media?parent=118713"}],"wp:term":[{"taxonomy":"category","embeddable":true,"href":"https:\/\/eldiariodesanpedro.com.ar\/sitio\/wp-json\/wp\/v2\/categories?post=118713"},{"taxonomy":"post_tag","embeddable":true,"href":"https:\/\/eldiariodesanpedro.com.ar\/sitio\/wp-json\/wp\/v2\/tags?post=118713"}],"curies":[{"name":"wp","href":"https:\/\/api.w.org\/{rel}","templated":true}]}}