{"id":118694,"date":"2023-05-30T17:04:45","date_gmt":"2023-05-30T20:04:45","guid":{"rendered":"https:\/\/eldiariodesanpedro.com.ar\/sitio\/?p=118694"},"modified":"2023-05-30T17:04:47","modified_gmt":"2023-05-30T20:04:47","slug":"un-ciudadano-lesionado-en-el-hombro-en-un-accidente-de-transito","status":"publish","type":"post","link":"https:\/\/eldiariodesanpedro.com.ar\/sitio\/un-ciudadano-lesionado-en-el-hombro-en-un-accidente-de-transito\/","title":{"rendered":"Un ciudadano lesionado en el hombro en un accidente de transito"},"content":{"rendered":"<!-- VideographyWP Plugin Message: Automatic video embedding prevented by plugin options. -->\n\n<p>En la ma\u00f1ana de este martes, aproximadamente a las 11 hs, se registr\u00f3 un incidente vial en la intersecci\u00f3n de Caseros y Rivadavia. El choque ocurri\u00f3 entre una camioneta Toyota Hilux y una motocicleta, cuyas causas a\u00fan est\u00e1n siendo investigadas.<\/p>\n\n\n\n<p>El conductor de la moto, un hombre mayor de edad, sufri\u00f3 una lesi\u00f3n en el hombro como resultado del impacto. Ante esta situaci\u00f3n, fue atendido inmediatamente por personal m\u00e9dico del SAME, quienes lo estabilizaron en el lugar y posteriormente lo trasladaron en ambulancia al centro hospitalario m\u00e1s cercano.<\/p>\n\n\n\n<p>Por otro lado, el conductor de la camioneta involucrada en el incidente sali\u00f3 ileso y no requiri\u00f3 atenci\u00f3n m\u00e9dica.<\/p>\n\n\n\n<p>Las autoridades competentes se encuentran realizando las investigaciones correspondientes para determinar las circunstancias exactas que llevaron a esta colisi\u00f3n. El tr\u00e1fico en la zona se vio afectado temporalmente debido al incidente, pero la situaci\u00f3n se normaliz\u00f3 poco despu\u00e9s.<\/p>\n\n\n\n<figure class=\"wp-block-image size-large\"><img decoding=\"async\" width=\"1024\" height=\"575\" data-attachment-id=\"118696\" data-permalink=\"https:\/\/eldiariodesanpedro.com.ar\/sitio\/un-ciudadano-lesionado-en-el-hombro-en-un-accidente-de-transito\/imagen-de-whatsapp-2023-05-30-a-las-11-41-34\/\" data-orig-file=\"https:\/\/eldiariodesanpedro.com.ar\/sitio\/wp-content\/uploads\/2023\/05\/Imagen-de-WhatsApp-2023-05-30-a-las-11.41.34.jpg\" data-orig-size=\"1121,630\" data-comments-opened=\"0\" data-image-meta=\"{&quot;aperture&quot;:&quot;0&quot;,&quot;credit&quot;:&quot;&quot;,&quot;camera&quot;:&quot;&quot;,&quot;caption&quot;:&quot;&quot;,&quot;created_timestamp&quot;:&quot;0&quot;,&quot;copyright&quot;:&quot;&quot;,&quot;focal_length&quot;:&quot;0&quot;,&quot;iso&quot;:&quot;0&quot;,&quot;shutter_speed&quot;:&quot;0&quot;,&quot;title&quot;:&quot;&quot;,&quot;orientation&quot;:&quot;0&quot;}\" data-image-title=\"Imagen de WhatsApp 2023-05-30 a las 11.41.34\" data-image-description=\"\" data-image-caption=\"\" data-large-file=\"https:\/\/eldiariodesanpedro.com.ar\/sitio\/wp-content\/uploads\/2023\/05\/Imagen-de-WhatsApp-2023-05-30-a-las-11.41.34-1024x575.jpg\" data-src=\"https:\/\/eldiariodesanpedro.com.ar\/sitio\/wp-content\/uploads\/2023\/05\/Imagen-de-WhatsApp-2023-05-30-a-las-11.41.34-1024x575.jpg\" alt=\"\" class=\"wp-image-118696 lazyload\" data-srcset=\"https:\/\/eldiariodesanpedro.com.ar\/sitio\/wp-content\/uploads\/2023\/05\/Imagen-de-WhatsApp-2023-05-30-a-las-11.41.34-1024x575.jpg 1024w, https:\/\/eldiariodesanpedro.com.ar\/sitio\/wp-content\/uploads\/2023\/05\/Imagen-de-WhatsApp-2023-05-30-a-las-11.41.34-300x169.jpg 300w, https:\/\/eldiariodesanpedro.com.ar\/sitio\/wp-content\/uploads\/2023\/05\/Imagen-de-WhatsApp-2023-05-30-a-las-11.41.34-768x432.jpg 768w, https:\/\/eldiariodesanpedro.com.ar\/sitio\/wp-content\/uploads\/2023\/05\/Imagen-de-WhatsApp-2023-05-30-a-las-11.41.34.jpg 1121w\" data-sizes=\"(max-width: 1024px) 100vw, 1024px\" src=\"data:image\/svg+xml;base64,PHN2ZyB3aWR0aD0iMSIgaGVpZ2h0PSIxIiB4bWxucz0iaHR0cDovL3d3dy53My5vcmcvMjAwMC9zdmciPjwvc3ZnPg==\" style=\"--smush-placeholder-width: 1024px; --smush-placeholder-aspect-ratio: 1024\/575;\" \/><\/figure>\n\n\n\n<figure class=\"wp-block-image size-large\"><img decoding=\"async\" width=\"1024\" height=\"575\" data-attachment-id=\"118695\" data-permalink=\"https:\/\/eldiariodesanpedro.com.ar\/sitio\/un-ciudadano-lesionado-en-el-hombro-en-un-accidente-de-transito\/imagen-de-whatsapp-2023-05-30-a-las-11-41-33\/\" data-orig-file=\"https:\/\/eldiariodesanpedro.com.ar\/sitio\/wp-content\/uploads\/2023\/05\/Imagen-de-WhatsApp-2023-05-30-a-las-11.41.33.jpg\" data-orig-size=\"1121,630\" data-comments-opened=\"0\" data-image-meta=\"{&quot;aperture&quot;:&quot;0&quot;,&quot;credit&quot;:&quot;&quot;,&quot;camera&quot;:&quot;&quot;,&quot;caption&quot;:&quot;&quot;,&quot;created_timestamp&quot;:&quot;0&quot;,&quot;copyright&quot;:&quot;&quot;,&quot;focal_length&quot;:&quot;0&quot;,&quot;iso&quot;:&quot;0&quot;,&quot;shutter_speed&quot;:&quot;0&quot;,&quot;title&quot;:&quot;&quot;,&quot;orientation&quot;:&quot;0&quot;}\" data-image-title=\"Imagen de WhatsApp 2023-05-30 a las 11.41.33\" data-image-description=\"\" data-image-caption=\"\" data-large-file=\"https:\/\/eldiariodesanpedro.com.ar\/sitio\/wp-content\/uploads\/2023\/05\/Imagen-de-WhatsApp-2023-05-30-a-las-11.41.33-1024x575.jpg\" data-src=\"https:\/\/eldiariodesanpedro.com.ar\/sitio\/wp-content\/uploads\/2023\/05\/Imagen-de-WhatsApp-2023-05-30-a-las-11.41.33-1024x575.jpg\" alt=\"\" class=\"wp-image-118695 lazyload\" data-srcset=\"https:\/\/eldiariodesanpedro.com.ar\/sitio\/wp-content\/uploads\/2023\/05\/Imagen-de-WhatsApp-2023-05-30-a-las-11.41.33-1024x575.jpg 1024w, https:\/\/eldiariodesanpedro.com.ar\/sitio\/wp-content\/uploads\/2023\/05\/Imagen-de-WhatsApp-2023-05-30-a-las-11.41.33-300x169.jpg 300w, https:\/\/eldiariodesanpedro.com.ar\/sitio\/wp-content\/uploads\/2023\/05\/Imagen-de-WhatsApp-2023-05-30-a-las-11.41.33-768x432.jpg 768w, https:\/\/eldiariodesanpedro.com.ar\/sitio\/wp-content\/uploads\/2023\/05\/Imagen-de-WhatsApp-2023-05-30-a-las-11.41.33.jpg 1121w\" data-sizes=\"(max-width: 1024px) 100vw, 1024px\" src=\"data:image\/svg+xml;base64,PHN2ZyB3aWR0aD0iMSIgaGVpZ2h0PSIxIiB4bWxucz0iaHR0cDovL3d3dy53My5vcmcvMjAwMC9zdmciPjwvc3ZnPg==\" style=\"--smush-placeholder-width: 1024px; --smush-placeholder-aspect-ratio: 1024\/575;\" \/><\/figure>\n","protected":false},"excerpt":{"rendered":"<p>En la ma\u00f1ana de este martes, aproximadamente a las 11 hs, se registr\u00f3 un incidente vial en la intersecci\u00f3n de Caseros y Rivadavia. El choque ocurri\u00f3 entre una camioneta Toyota Hilux y una motocicleta, cuyas causas a\u00fan est\u00e1n siendo investigadas. El conductor de la moto, un hombre mayor de edad, sufri\u00f3 una lesi\u00f3n en el [&hellip;]<\/p>\n","protected":false},"author":4,"featured_media":118697,"comment_status":"closed","ping_status":"closed","sticky":false,"template":"","format":"standard","meta":{"om_disable_all_campaigns":false,"_jetpack_memberships_contains_paid_content":false,"footnotes":""},"categories":[50,2,103],"tags":[197,33,95,19],"class_list":["post-118694","post","type-post","status-publish","format-standard","has-post-thumbnail","hentry","category-destacadas","category-locales","category-policiales-locales","tag-buenos-aires","tag-locales","tag-policiales","tag-san-pedro"],"aioseo_notices":[],"gutentor_comment":0,"jetpack_featured_media_url":"https:\/\/eldiariodesanpedro.com.ar\/sitio\/wp-content\/uploads\/2023\/05\/Imagen-de-WhatsApp-2023-05-30-a-las-11.41.37.jpg","jetpack_shortlink":"https:\/\/wp.me\/p6RhLt-uSq","jetpack_sharing_enabled":true,"_links":{"self":[{"href":"https:\/\/eldiariodesanpedro.com.ar\/sitio\/wp-json\/wp\/v2\/posts\/118694","targetHints":{"allow":["GET"]}}],"collection":[{"href":"https:\/\/eldiariodesanpedro.com.ar\/sitio\/wp-json\/wp\/v2\/posts"}],"about":[{"href":"https:\/\/eldiariodesanpedro.com.ar\/sitio\/wp-json\/wp\/v2\/types\/post"}],"author":[{"embeddable":true,"href":"https:\/\/eldiariodesanpedro.com.ar\/sitio\/wp-json\/wp\/v2\/users\/4"}],"replies":[{"embeddable":true,"href":"https:\/\/eldiariodesanpedro.com.ar\/sitio\/wp-json\/wp\/v2\/comments?post=118694"}],"version-history":[{"count":1,"href":"https:\/\/eldiariodesanpedro.com.ar\/sitio\/wp-json\/wp\/v2\/posts\/118694\/revisions"}],"predecessor-version":[{"id":118698,"href":"https:\/\/eldiariodesanpedro.com.ar\/sitio\/wp-json\/wp\/v2\/posts\/118694\/revisions\/118698"}],"wp:featuredmedia":[{"embeddable":true,"href":"https:\/\/eldiariodesanpedro.com.ar\/sitio\/wp-json\/wp\/v2\/media\/118697"}],"wp:attachment":[{"href":"https:\/\/eldiariodesanpedro.com.ar\/sitio\/wp-json\/wp\/v2\/media?parent=118694"}],"wp:term":[{"taxonomy":"category","embeddable":true,"href":"https:\/\/eldiariodesanpedro.com.ar\/sitio\/wp-json\/wp\/v2\/categories?post=118694"},{"taxonomy":"post_tag","embeddable":true,"href":"https:\/\/eldiariodesanpedro.com.ar\/sitio\/wp-json\/wp\/v2\/tags?post=118694"}],"curies":[{"name":"wp","href":"https:\/\/api.w.org\/{rel}","templated":true}]}}